{"id":69537,"date":"2024-04-16T10:20:46","date_gmt":"2024-04-16T10:20:46","guid":{"rendered":"https:\/\/www.lab.eus\/?p=69537"},"modified":"2024-04-16T10:20:48","modified_gmt":"2024-04-16T10:20:48","slug":"es-hora-de-pasar-de-las-palabras-a-los-hechos","status":"publish","type":"post","link":"https:\/\/www.lab.eus\/es\/es-hora-de-pasar-de-las-palabras-a-los-hechos\/","title":{"rendered":"Es hora de pasar de las palabras a los hechos"},"content":{"rendered":"\n<p>Trabajadores y trabajadoras de Mecaner y m\u00e1s de 100 delegados y delegadas de 55 empresas vizca\u00ednas se han movilizado hoy en Bilbao desde la delegaci\u00f3n del Gobierno Vasco hasta la Plaza Bizkaia. Han mostrado su rechazo al cierre de la planta de Urduliz y al desmantelamiento del tejido industrial del territorio, as\u00ed como su solidaridad con la plantilla de Mecaner.<\/p>\n\n\n\n<p>\u00abLa econom\u00eda vasca, especialmente la bizkaina, lleva d\u00e9cadas afrontando una radical transformaci\u00f3n. La decidida apuesta de las administraciones vascas por la terciarizaci\u00f3n de la econom\u00eda ha provocado que pasemos de cerca de un 40% de aportaci\u00f3n industrial al PIB a principios de los a\u00f1os 90 al 22% que aporta la actualmente la industria.<\/p>\n\n\n\n<p>A lo largo de estos a\u00f1os han sido infinidad de empresas las que han ido cerrando sus puertas y despidiendo a sus plantillas, con la casi nula intervenci\u00f3n de las administraciones. En muchos casos, los terrenos usados por la industria actualmente se encuentran ocupados por grandes superficies comerciales o empresas log\u00edsticas donde las condiciones de los y las trabajadoras se caracterizan por un alto grado de precarizaci\u00f3n. El ejemplo lo tenemos en la margen izquierda de la r\u00eda, hace no tanto la joya de la corona industrial y ahora n\u00facleo de grandes superficies y centros comerciales.<\/p>\n\n\n\n<p>Hoy la multinacional Stellantis quiere cerrar Mecaner y en las distintas reuniones mantenidas con el Gobierno Vasco ha quedado claro, una vez m\u00e1s, su nula intenci\u00f3n de intervenir en la b\u00fasqueda de soluciones para evitar el cierre. Ha tenido que ser la iniciativa del propio Comit\u00e9 de Empresa la que ponga encima de la mesa distintas alternativas productivas para demostrar que Mecaner (y otras empresas parecidas) tienen futuro.<\/p>\n\n\n\n<p>Mecaner supone un buen ejemplo del devenir de la industria vasca. Naci\u00f3 hace m\u00e1s de 60 a\u00f1os convirti\u00e9ndose, as\u00ed, en la primer matricer\u00eda de Euskal Herria. El que fue uno de los sectores industriales pioneros del pa\u00eds, va viendo cerrar poco a poco la puerta de todas las empresas ante la pasividad del Gobierno Vasco.<\/p>\n\n\n\n<p>En los pr\u00f3ximos a\u00f1os sectores industriales claves para la econom\u00eda vasca y vizcaina, como son entre otros el de la automoci\u00f3n y el de la energ\u00eda, tienen que afrontar una necesaria transici\u00f3n para adaptar su producci\u00f3n a la actual situaci\u00f3n de emergencia clim\u00e1tica. Es por ello, que son m\u00e1s necesarias que nunca unas instituciones fuertes y que dispongan de una pol\u00edtica industrial activa.<\/p>\n\n\n\n<p>Los retos que esta transici\u00f3n va a colocar a la econom\u00eda vasca en los pr\u00f3ximos a\u00f1os son m\u00faltiples y complejos. Por ello, es imprescindible unas instituciones que tengan clara una pol\u00edtica industrial que defienda los intereses de los trabajadores y trabajadoras y no de las multinacionales y las \u00e9lites econ\u00f3micas. Tenemos que aprender de nuestro pasado.<\/p>\n\n\n\n<p>Hoy, miembros de comit\u00e9s de empresas de casi 60 empresas industriales bizkainas nos hemos manifestado junto a la plantilla de Mecaner para mostrarles nuestra solidaridad y, sobre todo, para exigir al Gobierno Vasco y a su Departamento de Industria un cambio de actitud en su pol\u00edtica industrial. Es hora de pasar de las palabras a los hechos. Todav\u00eda hay tiempo para salvar Mecaner.<\/p>\n\n\n\n<p>Exigimos al Gobierno Vasco que defienda a los trabajadores y trabajadoras y que no se pliegue a las exigencias de las multinacionales. Exigimos que deje de \u201cacompa\u00f1ar\u201d los cierres de las empresas y empiece a ser protagonista en la defensa de los puestos de trabajo y del futuro industrial del pa\u00eds.<\/p>\n\n\n\n<p>Un futuro para Mecaner es posible<br>INDUSTRIA-TRANSICI\u00d3N JUSTA- DERECHOS DE LOS Y LAS TRABAJADORAS<\/p>\n\n\n\n<p>Delegados y delegadas de industria de ESK, LAB y CCOO de las siguientes empresas:<br>-Itp externals<br>-Alba Macrel<br>-gamesa<br>-zf sachs<br>-gecsa<br>-Alconza<br>-Gth<br>-enersys<br>-navacel<br>-ZIV<br>-Mesa<br>-Lamincer<br>-Unilever<br>-Smarmec<br>-Pine<br>-Ingemat<br>Gestamp<br>Ecs<br>T.Ermua<br>Gol<br>Tva<br>Estamcal<br>Ona<br>Alko<br>Fumbarri<br>Rothenberger<br>Bruss<br>O\u00f1ate<br>Alzuaran<br>Nemak<br>Lekoizpe<br>Ormazabal<br>sidenor<br>Knauff<br>vicinay<br>CNC<br>ACELEC<br>ANTENAS GAME SERVEO<br>Darrait<br>PCB<br>Aqualia<br>Betsaide<br>Tenneco<br>Pierburg<br>Arcelor Mittal Etxebarri<br>Hitachi<br>Alstom<br>Petronor Opemasa<br>Tubos Reunidos<br>Comfica<br>DIGI<br>Suez<br>GES<br>Siemsa<br>Degremont\u00bb<\/p>\n","protected":false},"excerpt":{"rendered":"<p>Trabajadores y trabajadoras de Mecaner y m\u00e1s de 100 delegados y delegadas de 55 empresas vizca\u00ednas se han movilizado hoy en Bilbao desde la delegaci\u00f3n del Gobierno Vasco hasta la Plaza Bizkaia. Han mostrado su rechazo al cierre de la planta de Urduliz y al desmantelamiento del tejido industrial del territorio, as\u00ed como su solidaridad con la plantilla de Mecaner.<\/p>\n","protected":false},"author":1191,"featured_media":69535,"comment_status":"closed","ping_status":"closed","sticky":false,"template":"","format":"standard","meta":{"_monsterinsights_skip_tracking":false,"_monsterinsights_sitenote_active":false,"_monsterinsights_sitenote_note":"","_monsterinsights_sitenote_category":0,"footnotes":"","_links_to":"","_links_to_target":""},"categories":[18,2867,2868],"tags":[3033,3178,2996,4217],"class_list":{"0":"post-69537","1":"post","2":"type-post","3":"status-publish","4":"format-standard","5":"has-post-thumbnail","7":"category-es-accion-sindical","8":"category-federaciones","9":"category-industria-es","10":"tag-accion-sindical-es","11":"tag-destacado-1","12":"tag-industria-es","13":"tag-mecaner"},"_links":{"self":[{"href":"https:\/\/www.lab.eus\/es\/wp-json\/wp\/v2\/posts\/69537","targetHints":{"allow":["GET"]}}],"collection":[{"href":"https:\/\/www.lab.eus\/es\/wp-json\/wp\/v2\/posts"}],"about":[{"href":"https:\/\/www.lab.eus\/es\/wp-json\/wp\/v2\/types\/post"}],"author":[{"embeddable":true,"href":"https:\/\/www.lab.eus\/es\/wp-json\/wp\/v2\/users\/1191"}],"replies":[{"embeddable":true,"href":"https:\/\/www.lab.eus\/es\/wp-json\/wp\/v2\/comments?post=69537"}],"version-history":[{"count":0,"href":"https:\/\/www.lab.eus\/es\/wp-json\/wp\/v2\/posts\/69537\/revisions"}],"wp:featuredmedia":[{"embeddable":true,"href":"https:\/\/www.lab.eus\/es\/wp-json\/wp\/v2\/media\/69535"}],"wp:attachment":[{"href":"https:\/\/www.lab.eus\/es\/wp-json\/wp\/v2\/media?parent=69537"}],"wp:term":[{"taxonomy":"category","embeddable":true,"href":"https:\/\/www.lab.eus\/es\/wp-json\/wp\/v2\/categories?post=69537"},{"taxonomy":"post_tag","embeddable":true,"href":"https:\/\/www.lab.eus\/es\/wp-json\/wp\/v2\/tags?post=69537"}],"curies":[{"name":"wp","href":"https:\/\/api.w.org\/{rel}","templated":true}]}}