{"id":69436,"date":"2024-04-15T10:23:58","date_gmt":"2024-04-15T10:23:58","guid":{"rendered":"https:\/\/www.lab.eus\/?p=69436"},"modified":"2024-04-15T10:24:00","modified_gmt":"2024-04-15T10:24:00","slug":"trabajadores-y-trabajadoras-de-intervencion-social-de-bizkaia-inician-un-ayuno-de-tres-dias-ante-la-sede-de-la-diputacion-foral","status":"publish","type":"post","link":"https:\/\/www.lab.eus\/es\/trabajadores-y-trabajadoras-de-intervencion-social-de-bizkaia-inician-un-ayuno-de-tres-dias-ante-la-sede-de-la-diputacion-foral\/","title":{"rendered":"Trabajadores y trabajadoras de intervenci\u00f3n social de Bizkaia inician un ayuno de tres d\u00edas ante la sede de la Diputaci\u00f3n Foral"},"content":{"rendered":"\n<p>Adem\u00e1s de esta iniciativa, LAB y ESK convocamos una jornada de huelga el 17 de abril en defensa del convenio de intervenci\u00f3n social de Bizkaia.<\/p>\n\n\n\n<p>LAB y ESK denunciamos la negativa de las patronales Gizardatz y Geroan a firmar un convenio para el sector de intervencion social de Bizkaia y denunciamos su nula voluntad negociadora. Les hacemos responsables del bloqueo y les acusamos de tener secuestrado el convenio colectivo.<\/p>\n\n\n\n<p>El pasado 26 de marzo, trasladamos a los y las trabajadoras una nueva propuesta, una propuesta de acuerdo. Tambien enviamos la propuesta al equipo negociador de Gizardatz, equipo negociador que se esconde detr\u00e1s de comunicados, pero que es incapaz de habilitar ning\u00fan acuerdo.<\/p>\n\n\n\n<p>A las entidades tambi\u00e9n les hemos interpelado directamente, traslad\u00e1ndoles la propuesta. Entendemos que es responsabilidad de ellas debloquear el Convenio y mejorar las condiciones de trabajo de todas las trabajadoras. Tienen la soluci\u00f3n y el acuerdo en sus manos.<\/p>\n\n\n\n<p>Estamos convencidas, honestamente, de que hemos realizado un ejercicio de responsabilidad para habilitar la firma del convenio. La respuesta de Gizardatz y Geroan y de las entidades es negarse a la negociaci\u00f3n. No es nuevo, y ya estamos hartas.<\/p>\n\n\n\n<p>Los responsables de las administraciones p\u00fablicas est\u00e1n centrados en sus campa\u00f1as electorales, eludiendo su responsabilidad ya que son los titulares de los servicios p\u00fablicos que prestamos. Exigimos a esos responsables pol\u00edticos que asuman su responsabilidad y coloquen en su agenda pol\u00edtica la calidad de los servicios p\u00fablicos que prestamos y el reconocimiento de nuestro trabajo.<\/p>\n\n\n\n<p>Nuestra voluntad para el acuerdo es clara. Sin embargo, ante el bloqueo de Gizardatz y Geroan, que buscan perpetuar un escenario sin convenio, hacemos un llamamiento a la movilizacion, a ocupar la calle y a la huelga.<\/p>\n\n\n\n<p>Desde hoy hasta el mi\u00e9rcoles 17 de abril realizaremos un ayuno frente a la Diputacion Foral de Bizkaia, en la Gran V\u00eda. de Bilbo. Una movilizaci\u00f3n permamente durante tres d\u00edas, para se\u00f1alar a Gizardatz y a las administraciones p\u00fablicas, como la Diputaci\u00f3n Foral de Bizkaia, como responsables de la no firma del convenio.<\/p>\n\n\n\n<p>El d\u00eda 17 llamamos a la huelga a todo el colectivo de trabajadores y trabajadoras del sector.<\/p>\n\n\n\n<p>Estamos convencidas que conseguiremos el convenio y que Gizardartz y Geroan se ver\u00e1n obligadas a moverse de su posici\u00f3n negacionista. Y animamos a todas las trabajadoras a tomar parte en esta lucha. Nos merecemos este convenio y merece la pena luchar por \u00e9l.<\/p>\n\n\n\n<p>Para terminar, hacemos un llamamiento a otros agentes a la responsabilidad. No es momento de corporativismos ni de intentar confundir con relatos que no son ciertos. De la misma manera que hemos hecho en privado, invitamos a todos los agentes interesados en el acuerdo a confluir en la lucha.<\/p>\n\n\n\n<figure class=\"wp-block-gallery has-nested-images columns-default is-cropped wp-block-gallery-1 is-layout-flex wp-block-gallery-is-layout-flex\">\n<figure class=\"wp-block-image size-large\"><img loading=\"lazy\" decoding=\"async\" width=\"724\" height=\"1024\" data-id=\"69432\" src=\"https:\/\/www.lab.eus\/wp-content\/uploads\/2024\/04\/2024-04-15-Bizkaiko-EHS-724x1024.jpg\" alt=\"\" class=\"wp-image-69432\" srcset=\"https:\/\/www.lab.eus\/wp-content\/uploads\/2024\/04\/2024-04-15-Bizkaiko-EHS-724x1024.jpg 724w, https:\/\/www.lab.eus\/wp-content\/uploads\/2024\/04\/2024-04-15-Bizkaiko-EHS-212x300.jpg 212w, https:\/\/www.lab.eus\/wp-content\/uploads\/2024\/04\/2024-04-15-Bizkaiko-EHS-768x1086.jpg 768w, https:\/\/www.lab.eus\/wp-content\/uploads\/2024\/04\/2024-04-15-Bizkaiko-EHS-1086x1536.jpg 1086w, https:\/\/www.lab.eus\/wp-content\/uploads\/2024\/04\/2024-04-15-Bizkaiko-EHS-150x212.jpg 150w, https:\/\/www.lab.eus\/wp-content\/uploads\/2024\/04\/2024-04-15-Bizkaiko-EHS-300x424.jpg 300w, https:\/\/www.lab.eus\/wp-content\/uploads\/2024\/04\/2024-04-15-Bizkaiko-EHS-696x985.jpg 696w, https:\/\/www.lab.eus\/wp-content\/uploads\/2024\/04\/2024-04-15-Bizkaiko-EHS-1068x1511.jpg 1068w, https:\/\/www.lab.eus\/wp-content\/uploads\/2024\/04\/2024-04-15-Bizkaiko-EHS.jpg 1131w\" sizes=\"auto, (max-width: 724px) 100vw, 724px\" \/><\/figure>\n\n\n\n<figure class=\"wp-block-image size-large\"><img loading=\"lazy\" decoding=\"async\" width=\"1024\" height=\"768\" data-id=\"69430\" src=\"https:\/\/www.lab.eus\/wp-content\/uploads\/2024\/04\/2024-04-15-Bizkaiko-esku-hartze-soziala_2-1024x768.jpg\" alt=\"\" class=\"wp-image-69430\" srcset=\"https:\/\/www.lab.eus\/wp-content\/uploads\/2024\/04\/2024-04-15-Bizkaiko-esku-hartze-soziala_2-1024x768.jpg 1024w, https:\/\/www.lab.eus\/wp-content\/uploads\/2024\/04\/2024-04-15-Bizkaiko-esku-hartze-soziala_2-300x225.jpg 300w, https:\/\/www.lab.eus\/wp-content\/uploads\/2024\/04\/2024-04-15-Bizkaiko-esku-hartze-soziala_2-768x576.jpg 768w, https:\/\/www.lab.eus\/wp-content\/uploads\/2024\/04\/2024-04-15-Bizkaiko-esku-hartze-soziala_2-1536x1152.jpg 1536w, https:\/\/www.lab.eus\/wp-content\/uploads\/2024\/04\/2024-04-15-Bizkaiko-esku-hartze-soziala_2-150x113.jpg 150w, https:\/\/www.lab.eus\/wp-content\/uploads\/2024\/04\/2024-04-15-Bizkaiko-esku-hartze-soziala_2-696x522.jpg 696w, https:\/\/www.lab.eus\/wp-content\/uploads\/2024\/04\/2024-04-15-Bizkaiko-esku-hartze-soziala_2-1068x801.jpg 1068w, https:\/\/www.lab.eus\/wp-content\/uploads\/2024\/04\/2024-04-15-Bizkaiko-esku-hartze-soziala_2-1920x1440.jpg 1920w, https:\/\/www.lab.eus\/wp-content\/uploads\/2024\/04\/2024-04-15-Bizkaiko-esku-hartze-soziala_2.jpg 2000w\" sizes=\"auto, (max-width: 1024px) 100vw, 1024px\" \/><\/figure>\n<\/figure>\n","protected":false},"excerpt":{"rendered":"<p>Adem\u00e1s de esta iniciativa, LAB y ESK convocamos una jornada de huelga el 17 de abril en defensa del convenio de intervenci\u00f3n social de Bizkaia.<\/p>\n","protected":false},"author":1191,"featured_media":69434,"comment_status":"closed","ping_status":"closed","sticky":false,"template":"","format":"standard","meta":{"_monsterinsights_skip_tracking":false,"_monsterinsights_sitenote_active":false,"_monsterinsights_sitenote_note":"","_monsterinsights_sitenote_category":0,"footnotes":"","_links_to":"","_links_to_target":""},"categories":[18,2867,3000,6],"tags":[3033,3178,3066,3220,3217,3171],"class_list":{"0":"post-69436","1":"post","2":"type-post","3":"status-publish","4":"format-standard","5":"has-post-thumbnail","7":"category-es-accion-sindical","8":"category-federaciones","9":"category-servicio-sociocomunitario","10":"category-es-servicios-publicos","11":"tag-accion-sindical-es","12":"tag-destacado-1","13":"tag-federaciones-es","14":"tag-intervencion-social","15":"tag-servicios-sociocomunitarios","16":"tag-servicios-publicos-es"},"_links":{"self":[{"href":"https:\/\/www.lab.eus\/es\/wp-json\/wp\/v2\/posts\/69436","targetHints":{"allow":["GET"]}}],"collection":[{"href":"https:\/\/www.lab.eus\/es\/wp-json\/wp\/v2\/posts"}],"about":[{"href":"https:\/\/www.lab.eus\/es\/wp-json\/wp\/v2\/types\/post"}],"author":[{"embeddable":true,"href":"https:\/\/www.lab.eus\/es\/wp-json\/wp\/v2\/users\/1191"}],"replies":[{"embeddable":true,"href":"https:\/\/www.lab.eus\/es\/wp-json\/wp\/v2\/comments?post=69436"}],"version-history":[{"count":0,"href":"https:\/\/www.lab.eus\/es\/wp-json\/wp\/v2\/posts\/69436\/revisions"}],"wp:featuredmedia":[{"embeddable":true,"href":"https:\/\/www.lab.eus\/es\/wp-json\/wp\/v2\/media\/69434"}],"wp:attachment":[{"href":"https:\/\/www.lab.eus\/es\/wp-json\/wp\/v2\/media?parent=69436"}],"wp:term":[{"taxonomy":"category","embeddable":true,"href":"https:\/\/www.lab.eus\/es\/wp-json\/wp\/v2\/categories?post=69436"},{"taxonomy":"post_tag","embeddable":true,"href":"https:\/\/www.lab.eus\/es\/wp-json\/wp\/v2\/tags?post=69436"}],"curies":[{"name":"wp","href":"https:\/\/api.w.org\/{rel}","templated":true}]}}