{"id":69379,"date":"2024-04-12T11:57:31","date_gmt":"2024-04-12T11:57:31","guid":{"rendered":"https:\/\/www.lab.eus\/?p=69379"},"modified":"2024-04-12T11:57:33","modified_gmt":"2024-04-12T11:57:33","slug":"exigimos-a-la-patronal-guitrans-el-cese-del-bloqueo","status":"publish","type":"post","link":"https:\/\/www.lab.eus\/es\/exigimos-a-la-patronal-guitrans-el-cese-del-bloqueo\/","title":{"rendered":"Exigimos a la patronal Guitrans el cese del bloqueo"},"content":{"rendered":"\n<p><a href=\"https:\/\/www.lab.eus\/es\/acusamos-a-la-patronal-guitrans-de-no-querer-negociar-el-convenio-de-tranporte-de-mercancias-por-carretera-de-gipuzkoa\/\">Es urgente renovar de una vez por todas el convenio del transporte de mercanc\u00edas por carretera de Gipuzkoa, que afecta a m\u00e1s de 6.000 trabajadores y trabajadoras<\/a>. Hoy hemos llevado a cabo una movilizaci\u00f3n a las puertas de la sede de la patronal para que se deje de faltas de respeto y se mueva de una vez por todas.<\/p>\n\n\n\n<p>Las convocatorias de reuniones son reiteradamente rechazadas por la patronal y las y los trabajadores est\u00e1n hartos. Consideramos necesaria la renovaci\u00f3n de un convenio que proporcione seguridad jur\u00eddica y normas claras a las y los trabajadores guipuzcoanos y, en especial, al sector del Transporte de Mercanc\u00edas por Carretera de Gipuzkoa. Si trabajamos aqu\u00ed, aqu\u00ed tenemos que decidir.<\/p>\n","protected":false},"excerpt":{"rendered":"<p>Es urgente renovar de una vez por todas el convenio del transporte de mercanc\u00edas por carretera de Gipuzkoa, que afecta a m\u00e1s de 6.000 trabajadores y trabajadoras. Hoy hemos llevado a cabo una movilizaci\u00f3n a las puertas de la sede de la patronal para que se deje de faltas de respeto y se mueva de una vez por todas.<\/p>\n","protected":false},"author":1191,"featured_media":69376,"comment_status":"closed","ping_status":"closed","sticky":false,"template":"","format":"standard","meta":{"_monsterinsights_skip_tracking":false,"_monsterinsights_sitenote_active":false,"_monsterinsights_sitenote_note":"","_monsterinsights_sitenote_category":0,"footnotes":"","_links_to":"","_links_to_target":""},"categories":[18,2867,8,2958],"tags":[3028,3178,3080,3591,4565],"class_list":{"0":"post-69379","1":"post","2":"type-post","3":"status-publish","4":"format-standard","5":"has-post-thumbnail","7":"category-es-accion-sindical","8":"category-federaciones","9":"category-es-servicios-privados","10":"category-transporte-de-mercancias","11":"tag-accion-sindical-2","12":"tag-destacado-1","13":"tag-servicios-privados","14":"tag-transporte-de-mercancias","15":"tag-transporte-de-mercancias-por-carretera"},"_links":{"self":[{"href":"https:\/\/www.lab.eus\/es\/wp-json\/wp\/v2\/posts\/69379","targetHints":{"allow":["GET"]}}],"collection":[{"href":"https:\/\/www.lab.eus\/es\/wp-json\/wp\/v2\/posts"}],"about":[{"href":"https:\/\/www.lab.eus\/es\/wp-json\/wp\/v2\/types\/post"}],"author":[{"embeddable":true,"href":"https:\/\/www.lab.eus\/es\/wp-json\/wp\/v2\/users\/1191"}],"replies":[{"embeddable":true,"href":"https:\/\/www.lab.eus\/es\/wp-json\/wp\/v2\/comments?post=69379"}],"version-history":[{"count":0,"href":"https:\/\/www.lab.eus\/es\/wp-json\/wp\/v2\/posts\/69379\/revisions"}],"wp:featuredmedia":[{"embeddable":true,"href":"https:\/\/www.lab.eus\/es\/wp-json\/wp\/v2\/media\/69376"}],"wp:attachment":[{"href":"https:\/\/www.lab.eus\/es\/wp-json\/wp\/v2\/media?parent=69379"}],"wp:term":[{"taxonomy":"category","embeddable":true,"href":"https:\/\/www.lab.eus\/es\/wp-json\/wp\/v2\/categories?post=69379"},{"taxonomy":"post_tag","embeddable":true,"href":"https:\/\/www.lab.eus\/es\/wp-json\/wp\/v2\/tags?post=69379"}],"curies":[{"name":"wp","href":"https:\/\/api.w.org\/{rel}","templated":true}]}}