{"id":69255,"date":"2024-04-10T10:29:44","date_gmt":"2024-04-10T10:29:44","guid":{"rendered":"https:\/\/www.lab.eus\/?p=69255"},"modified":"2024-04-10T10:29:45","modified_gmt":"2024-04-10T10:29:45","slug":"las-y-los-trabajadores-de-mecaner-insisten-ante-sabin-etxea-en-la-necesidad-de-hacer-una-apuesta-activa-por-el-tejido-industrial-de-euskal-herria","status":"publish","type":"post","link":"https:\/\/www.lab.eus\/es\/las-y-los-trabajadores-de-mecaner-insisten-ante-sabin-etxea-en-la-necesidad-de-hacer-una-apuesta-activa-por-el-tejido-industrial-de-euskal-herria\/","title":{"rendered":"Las y los trabajadores de Mecaner insisten ante Sabin Etxea en la necesidad de hacer una apuesta activa por el tejido industrial de Euskal Herria"},"content":{"rendered":"\n<p>Trabajadores y trabajadoras de Mecaner se han reunido hoy en Sabin Etxea, frente a la sede del PNV. As\u00ed, han exigido al partido que ha liderado el Gobierno Vasco en los \u00faltimos a\u00f1os que adopte medidas para defender la industria de Euskal Herria y que permita una transici\u00f3n social justa y sostenible.<\/p>\n\n\n\n<p>Esta empresa automovil\u00edstica ubicada en Urduliz tiene m\u00e1s de 60 a\u00f1os de historia. Pues bien, como es sabido, en septiembre de 2023 Stellantis, propietaria de Mecaner, comunic\u00f3 a las y los operarios su decisi\u00f3n de cerrar la empresa.<\/p>\n\n\n\n<p>Lo que est\u00e1 ocurriendo en Mecaner no es una situaci\u00f3n aislada, ya que en los \u00faltimos a\u00f1os el tejido industrial de Euskal Herria ha ido desapareciendo, con el cierre de numerosas empresas de nuestro entorno y la ocupaci\u00f3n de sus lugares por grandes empresas y cadenas de servicios. Este desmantelamiento la han hecho posible diferentes instituciones ypartidos, y los responsables tienen nombre y apellidos.<\/p>\n\n\n\n<p>La industria que queda, adem\u00e1s, no es la de aqu\u00ed, ya que grandes multinacionales se han incorporado a nuestros pol\u00edgonos industriales. Aun manteniendo nombres y letreros, ahora la industria de aqu\u00ed est\u00e1 en manos de las grandes multinacionales. M\u00e1s a\u00fan si hablamos de automoci\u00f3n.<\/p>\n\n\n\n<p>La p\u00e9rdida de la industria local, la dependencia de otros pa\u00edses y el acceso de las multinacionales han supuesto una p\u00e9rdida de la soberan\u00eda industrial. Qu\u00e9, c\u00f3mo y para qu\u00e9 queremos producir no lo decidimos los y las ciudadanas de aqu\u00ed, ni tampoco nuestras instituciones.<\/p>\n\n\n\n<p>Empresas desvinculadas del territorio y de la gente de aqu\u00ed, como Stellantis, se van como han venido, por lo menos si lo que producen aqu\u00ed lo pueden producir m\u00e1s barato en otro lugar.<\/p>\n\n\n\n<p>El desmantelamiento de la industria, adem\u00e1s, condena a la destrucci\u00f3n de empleo y a la precariedad a las y los ciudadanos que aqu\u00ed trabajamos y vivimos.<\/p>\n\n\n\n<p>As\u00ed, los y las trabajadoras de Mecaner hemos querido recordar a las y los que ocupan Sabin Etxea su responsabilidad pol\u00edtica en la destrucci\u00f3n del tejido industrial y la desaparici\u00f3n de los puestos de trabajo.<\/p>\n\n\n\n<p>En estos \u00faltimos d\u00edas de campa\u00f1a electoral se les ha llenado la boca hablando de industria y de futuro. Pues bien, es el momento de dar pasos con valent\u00eda m\u00e1s all\u00e1 de meras promesas electorales.<\/p>\n\n\n\n<p>Por ello, la plantilla de Mecaner quiere exigir a los responsables de la p\u00e9rdida de la industria de Euskal Herria lo siguiente:<\/p>\n\n\n\n<ul class=\"wp-block-list\">\n<li>Pol\u00edticas industriales que garanticen el futuro de la industria y del empleo en Euskal Herria.<\/li>\n<\/ul>\n\n\n\n<ul class=\"wp-block-list\">\n<li>Medidas para llevar a cabo una transici\u00f3n socialmente justa y sostenible en el sector de la automoci\u00f3n y de la industria en general, as\u00ed como crear comisiones de transici\u00f3n para hacerlo posible.<\/li>\n<\/ul>\n\n\n\n<p>En cuanto a Mecaner, su futuro a\u00fan no est\u00e1 decidido, pero han demostrado que el futuro industrial para Mecaner es posible con el plan de transici\u00f3n que han realizado los trabajadores y las\u00a0 rabajadoras. Pero hay que seguir en el camino recorrido y tener voluntad pol\u00edtica para evitar el cierre de la empresa, y eso es lo que han exigido:<\/p>\n\n\n\n<ul class=\"wp-block-list\">\n<li>Crear una mesa negociadora con la plantilla y con Stellantis para tratar el futuro de Mecaner.<\/li>\n<\/ul>\n\n\n\n<ul class=\"wp-block-list\">\n<li>Utilizar todas los medios y todas las herramientas disponibles para buscar un futuro para Mecaner.<\/li>\n<\/ul>\n\n\n\n<ul class=\"wp-block-list\">\n<li>En definitiva, tomar un papel activo y decisivo en defensa de 144 puestos de trabajo y de Mecaner.<\/li>\n<\/ul>\n\n\n\n<p>\u201cHay opciones y estamos a tiempo, la responsabilidad est\u00e1 en vuestras manos\u201d, han se\u00f1alado.<\/p>\n\n\n\n<figure class=\"wp-block-gallery has-nested-images columns-default is-cropped wp-block-gallery-1 is-layout-flex wp-block-gallery-is-layout-flex\">\n<figure class=\"wp-block-image size-large\"><img loading=\"lazy\" decoding=\"async\" width=\"1024\" height=\"576\" data-id=\"69253\" src=\"https:\/\/www.lab.eus\/wp-content\/uploads\/2024\/04\/2024-04-10-Mecaner-1024x576.jpeg\" alt=\"\" class=\"wp-image-69253\" srcset=\"https:\/\/www.lab.eus\/wp-content\/uploads\/2024\/04\/2024-04-10-Mecaner-1024x576.jpeg 1024w, https:\/\/www.lab.eus\/wp-content\/uploads\/2024\/04\/2024-04-10-Mecaner-300x169.jpeg 300w, https:\/\/www.lab.eus\/wp-content\/uploads\/2024\/04\/2024-04-10-Mecaner-768x432.jpeg 768w, https:\/\/www.lab.eus\/wp-content\/uploads\/2024\/04\/2024-04-10-Mecaner-1536x864.jpeg 1536w, https:\/\/www.lab.eus\/wp-content\/uploads\/2024\/04\/2024-04-10-Mecaner-150x84.jpeg 150w, https:\/\/www.lab.eus\/wp-content\/uploads\/2024\/04\/2024-04-10-Mecaner-696x392.jpeg 696w, https:\/\/www.lab.eus\/wp-content\/uploads\/2024\/04\/2024-04-10-Mecaner-1068x601.jpeg 1068w, https:\/\/www.lab.eus\/wp-content\/uploads\/2024\/04\/2024-04-10-Mecaner.jpeg 1600w\" sizes=\"auto, (max-width: 1024px) 100vw, 1024px\" \/><\/figure>\n\n\n\n<figure class=\"wp-block-image size-large\"><img loading=\"lazy\" decoding=\"async\" width=\"948\" height=\"743\" data-id=\"69249\" src=\"https:\/\/www.lab.eus\/wp-content\/uploads\/2024\/04\/2024-04-10-Mecaner_2.jpeg\" alt=\"\" class=\"wp-image-69249\" srcset=\"https:\/\/www.lab.eus\/wp-content\/uploads\/2024\/04\/2024-04-10-Mecaner_2.jpeg 948w, https:\/\/www.lab.eus\/wp-content\/uploads\/2024\/04\/2024-04-10-Mecaner_2-300x235.jpeg 300w, https:\/\/www.lab.eus\/wp-content\/uploads\/2024\/04\/2024-04-10-Mecaner_2-768x602.jpeg 768w, https:\/\/www.lab.eus\/wp-content\/uploads\/2024\/04\/2024-04-10-Mecaner_2-150x118.jpeg 150w, https:\/\/www.lab.eus\/wp-content\/uploads\/2024\/04\/2024-04-10-Mecaner_2-696x545.jpeg 696w\" sizes=\"auto, (max-width: 948px) 100vw, 948px\" \/><\/figure>\n<\/figure>\n","protected":false},"excerpt":{"rendered":"<p>Trabajadores y trabajadoras de Mecaner se han reunido hoy en Sabin Etxea, frente a la sede del PNV. As\u00ed, han exigido al partido que ha liderado el Gobierno Vasco en los \u00faltimos a\u00f1os que adopte medidas para defender la industria de Euskal Herria y que permita una transici\u00f3n social justa y sostenible.<\/p>\n","protected":false},"author":1191,"featured_media":69251,"comment_status":"closed","ping_status":"closed","sticky":false,"template":"","format":"standard","meta":{"_monsterinsights_skip_tracking":false,"_monsterinsights_sitenote_active":false,"_monsterinsights_sitenote_note":"","_monsterinsights_sitenote_category":0,"footnotes":"","_links_to":"","_links_to_target":""},"categories":[18,2867,2868,108],"tags":[3033,3178,2996,4217,3064],"class_list":{"0":"post-69255","1":"post","2":"type-post","3":"status-publish","4":"format-standard","5":"has-post-thumbnail","7":"category-es-accion-sindical","8":"category-federaciones","9":"category-industria-es","10":"category-es-metal","11":"tag-accion-sindical-es","12":"tag-destacado-1","13":"tag-industria-es","14":"tag-mecaner","15":"tag-metal-es"},"_links":{"self":[{"href":"https:\/\/www.lab.eus\/es\/wp-json\/wp\/v2\/posts\/69255","targetHints":{"allow":["GET"]}}],"collection":[{"href":"https:\/\/www.lab.eus\/es\/wp-json\/wp\/v2\/posts"}],"about":[{"href":"https:\/\/www.lab.eus\/es\/wp-json\/wp\/v2\/types\/post"}],"author":[{"embeddable":true,"href":"https:\/\/www.lab.eus\/es\/wp-json\/wp\/v2\/users\/1191"}],"replies":[{"embeddable":true,"href":"https:\/\/www.lab.eus\/es\/wp-json\/wp\/v2\/comments?post=69255"}],"version-history":[{"count":0,"href":"https:\/\/www.lab.eus\/es\/wp-json\/wp\/v2\/posts\/69255\/revisions"}],"wp:featuredmedia":[{"embeddable":true,"href":"https:\/\/www.lab.eus\/es\/wp-json\/wp\/v2\/media\/69251"}],"wp:attachment":[{"href":"https:\/\/www.lab.eus\/es\/wp-json\/wp\/v2\/media?parent=69255"}],"wp:term":[{"taxonomy":"category","embeddable":true,"href":"https:\/\/www.lab.eus\/es\/wp-json\/wp\/v2\/categories?post=69255"},{"taxonomy":"post_tag","embeddable":true,"href":"https:\/\/www.lab.eus\/es\/wp-json\/wp\/v2\/tags?post=69255"}],"curies":[{"name":"wp","href":"https:\/\/api.w.org\/{rel}","templated":true}]}}