{"id":69243,"date":"2024-04-10T09:47:50","date_gmt":"2024-04-10T09:47:50","guid":{"rendered":"https:\/\/www.lab.eus\/?p=69243"},"modified":"2024-04-10T09:48:51","modified_gmt":"2024-04-10T09:48:51","slug":"las-trabajadoras-de-residencias-vuelven-a-cortar-la-carretera-en-irunea-para-denunciar-el-bloqueo-del-convenio-sectorial-de-residencias","status":"publish","type":"post","link":"https:\/\/www.lab.eus\/es\/las-trabajadoras-de-residencias-vuelven-a-cortar-la-carretera-en-irunea-para-denunciar-el-bloqueo-del-convenio-sectorial-de-residencias\/","title":{"rendered":"Las trabajadoras de residencias vuelven a cortar la carretera en Iru\u00f1ea para denunciar el bloqueo del convenio sectorial"},"content":{"rendered":"\n<p>Una veintena de trabajadoras de la comunidad del sindicato LAB han cortado esta ma\u00f1ana la calle del Conde Oliveto de Iru\u00f1ea, en ambos sentidos, para protestar por el bloqueo de la negociaci\u00f3n del que ser\u00e1 el primer convenio de las residencias de Nafarroa. LAB quiere aplaudir la actitud y el compromiso de las trabajadoras de residencias, pero tambi\u00e9n quiere denunciar la actuaci\u00f3n de la Polic\u00eda Foral, que hoy ha sacado a las manifestantes de la carretera de mala manera. LAB, que hoy hab\u00eda llamado a un paros de dos horas en residencias, ha convocado un nuevo paro para el 17 de abril; y si no se desbloquean las negociaciones, convocar\u00e1 una huelga de d\u00eda completo el 24 de abril.<\/p>\n\n\n\n<p>Al igual que en noviembre del a\u00f1o pasado, LAB ha cortado hoy una calle de Iru\u00f1ea, porque como entonces sigue estando bloqueada la negociaci\u00f3n del convenio en las residencias de la tercera edad de Nafarroa. El sindicato hab\u00eda llamado hoy a un paro de dos horas, el cuarto paro que ha convocado en los \u00faltimos meses. LAB hace tiempo que decidi\u00f3 salir a la calle para denunciar el bloqueo del convenio que mejorar\u00e1 sustancialmente las condiciones laborales de las trabajadoras de residencias, y est\u00e1 viendo con preocupaci\u00f3n la dejadez y la irresponsabilidad que est\u00e1n mostrando las patronales LARES y ANEA y el Gobierno de Nafarroa.<\/p>\n\n\n\n<p>A diferencia del corte de calle del pasado mes de noviembre, hoy LAB tiene que denunciar la actuaci\u00f3n policial, ya que las trabajadoras han sido sacadas de la carretera de malas maneras. Los polic\u00edas las han cogido fuertemente del brazo, las han empujado hacia afuera, y han identificado a tres personas. La polic\u00eda del Gobierno de Nafarroa ha atacado hoy a estas mujeres trabajadoras, la polic\u00eda del Gobierno que esconde el negocio de los cuidados y la precariedad insoportable de sus trabajadoras. LAB quiere mostrar su solidaridad y apoyo al personal identificado y agredido, manifestando que este desprecio a las trabajadoras se convertir\u00e1 en fuerza por la defensa de los derechos laborales.<\/p>\n\n\n\n<p><\/p>\n\n\n\n<p><strong>M\u00e1s de tres a\u00f1os de lucha por el convenio<\/strong><\/p>\n\n\n\n<p>LAB abri\u00f3 en junio de 2023 un nuevo ciclo de lucha para exigir el desbloqueo del primer convenio colectivo de residencias de Nafarroa y denunciar la dejadez del Gobierno navarro y de las patronales. Dentro de ese ciclo LAB ha llevado a cabo diferentes iniciativas, como la de hoy. Para el 17 de abril llama a parar la actividad de 10:00 a 12:00, en el que ser\u00e1 el quinto paro de los \u00faltimos meses.<\/p>\n\n\n\n<p>La lucha por el primer convenio de residencias de Nafarroa comenz\u00f3 impulsada por LAB, en enero de 2021, con el objetivo de hacer frente a la estatalizaci\u00f3n y mejorar y dignificar las condiciones laborales y de vida de miles de trabajadoras. Desde entonces LAB no ha observado una firme voluntad de negociaci\u00f3n por parte de la patronal, y el Gobierno de Nafarroa ha hecho o\u00eddos sordos a las reivindicaciones de las trabajadoras.<\/p>\n\n\n\n<p>LAB exige a las patronales que convoquen la mesa negociadora y que aporten una propuesta de negociaci\u00f3n que recoja las reivindicaciones de las trabajadoras. Y pide al Gobierno de Nafarroa que act\u00fae con responsabilidad y asuma el valor y el reconocimiento que tiene la labor de cuidados de estas miles de trabajadoras navarras que est\u00e1n sosteniendo una necesidad b\u00e1sica para la sociedad. Por tanto, es deber del Gobierno acabar con la precariedad que se vive en el sector.<\/p>\n\n\n\n<p>Este ciclo de lucha abierto por el sindicato LAB, y el trabajo sindical y pol\u00edtico realizado, ha forzado la salida a la calle de otros sindicatos. LAB se muestra satisfecho de ello. Est\u00e1 bien que otros sindicatos se unan a la lucha, porque est\u00e1 claro que sin lucha no habr\u00e1 convenio. Las demostraciones de fuerza tanto en la calle como en los centros de trabajo obligar\u00e1n a LARES y ANEA a presentar una nueva propuesta de negociaci\u00f3n.<\/p>\n\n\n\n<figure class=\"wp-block-gallery has-nested-images columns-default is-cropped wp-block-gallery-1 is-layout-flex wp-block-gallery-is-layout-flex\">\n<figure class=\"wp-block-image size-large\"><img loading=\"lazy\" decoding=\"async\" width=\"1024\" height=\"576\" data-id=\"69237\" src=\"https:\/\/www.lab.eus\/wp-content\/uploads\/2024\/04\/2024-04-10-LAB_Nafarroako-egoitzak_4-1024x576.jpg\" alt=\"\" class=\"wp-image-69237\" srcset=\"https:\/\/www.lab.eus\/wp-content\/uploads\/2024\/04\/2024-04-10-LAB_Nafarroako-egoitzak_4-1024x576.jpg 1024w, https:\/\/www.lab.eus\/wp-content\/uploads\/2024\/04\/2024-04-10-LAB_Nafarroako-egoitzak_4-300x169.jpg 300w, https:\/\/www.lab.eus\/wp-content\/uploads\/2024\/04\/2024-04-10-LAB_Nafarroako-egoitzak_4-768x432.jpg 768w, https:\/\/www.lab.eus\/wp-content\/uploads\/2024\/04\/2024-04-10-LAB_Nafarroako-egoitzak_4-1536x864.jpg 1536w, https:\/\/www.lab.eus\/wp-content\/uploads\/2024\/04\/2024-04-10-LAB_Nafarroako-egoitzak_4-150x84.jpg 150w, https:\/\/www.lab.eus\/wp-content\/uploads\/2024\/04\/2024-04-10-LAB_Nafarroako-egoitzak_4-696x392.jpg 696w, https:\/\/www.lab.eus\/wp-content\/uploads\/2024\/04\/2024-04-10-LAB_Nafarroako-egoitzak_4-1068x601.jpg 1068w, https:\/\/www.lab.eus\/wp-content\/uploads\/2024\/04\/2024-04-10-LAB_Nafarroako-egoitzak_4.jpg 1856w\" sizes=\"auto, (max-width: 1024px) 100vw, 1024px\" \/><\/figure>\n\n\n\n<figure class=\"wp-block-image size-large\"><img loading=\"lazy\" decoding=\"async\" width=\"1024\" height=\"576\" data-id=\"69239\" src=\"https:\/\/www.lab.eus\/wp-content\/uploads\/2024\/04\/2024-04-10-LAB_Nafarroako-egoitzak_6-1024x576.jpg\" alt=\"\" class=\"wp-image-69239\" srcset=\"https:\/\/www.lab.eus\/wp-content\/uploads\/2024\/04\/2024-04-10-LAB_Nafarroako-egoitzak_6-1024x576.jpg 1024w, https:\/\/www.lab.eus\/wp-content\/uploads\/2024\/04\/2024-04-10-LAB_Nafarroako-egoitzak_6-300x169.jpg 300w, https:\/\/www.lab.eus\/wp-content\/uploads\/2024\/04\/2024-04-10-LAB_Nafarroako-egoitzak_6-768x432.jpg 768w, https:\/\/www.lab.eus\/wp-content\/uploads\/2024\/04\/2024-04-10-LAB_Nafarroako-egoitzak_6-1536x864.jpg 1536w, https:\/\/www.lab.eus\/wp-content\/uploads\/2024\/04\/2024-04-10-LAB_Nafarroako-egoitzak_6-150x84.jpg 150w, https:\/\/www.lab.eus\/wp-content\/uploads\/2024\/04\/2024-04-10-LAB_Nafarroako-egoitzak_6-696x392.jpg 696w, https:\/\/www.lab.eus\/wp-content\/uploads\/2024\/04\/2024-04-10-LAB_Nafarroako-egoitzak_6-1068x601.jpg 1068w, https:\/\/www.lab.eus\/wp-content\/uploads\/2024\/04\/2024-04-10-LAB_Nafarroako-egoitzak_6.jpg 1920w\" sizes=\"auto, (max-width: 1024px) 100vw, 1024px\" \/><\/figure>\n\n\n\n<figure class=\"wp-block-image size-large\"><img loading=\"lazy\" decoding=\"async\" width=\"1024\" height=\"768\" data-id=\"69241\" src=\"https:\/\/www.lab.eus\/wp-content\/uploads\/2024\/04\/2024-04-10-LAB_Nafarroako-egoitzak_1-1024x768.jpg\" alt=\"\" class=\"wp-image-69241\" srcset=\"https:\/\/www.lab.eus\/wp-content\/uploads\/2024\/04\/2024-04-10-LAB_Nafarroako-egoitzak_1-1024x768.jpg 1024w, https:\/\/www.lab.eus\/wp-content\/uploads\/2024\/04\/2024-04-10-LAB_Nafarroako-egoitzak_1-300x225.jpg 300w, https:\/\/www.lab.eus\/wp-content\/uploads\/2024\/04\/2024-04-10-LAB_Nafarroako-egoitzak_1-768x576.jpg 768w, https:\/\/www.lab.eus\/wp-content\/uploads\/2024\/04\/2024-04-10-LAB_Nafarroako-egoitzak_1-150x113.jpg 150w, https:\/\/www.lab.eus\/wp-content\/uploads\/2024\/04\/2024-04-10-LAB_Nafarroako-egoitzak_1-696x522.jpg 696w, https:\/\/www.lab.eus\/wp-content\/uploads\/2024\/04\/2024-04-10-LAB_Nafarroako-egoitzak_1-1068x801.jpg 1068w, https:\/\/www.lab.eus\/wp-content\/uploads\/2024\/04\/2024-04-10-LAB_Nafarroako-egoitzak_1.jpg 1280w\" sizes=\"auto, (max-width: 1024px) 100vw, 1024px\" \/><\/figure>\n\n\n\n<figure class=\"wp-block-image size-large\"><img loading=\"lazy\" decoding=\"async\" width=\"1024\" height=\"576\" data-id=\"69235\" src=\"https:\/\/www.lab.eus\/wp-content\/uploads\/2024\/04\/2024-04-10-LAB_Nafarroako-egoitzak_5-1024x576.jpg\" alt=\"\" class=\"wp-image-69235\" srcset=\"https:\/\/www.lab.eus\/wp-content\/uploads\/2024\/04\/2024-04-10-LAB_Nafarroako-egoitzak_5-1024x576.jpg 1024w, https:\/\/www.lab.eus\/wp-content\/uploads\/2024\/04\/2024-04-10-LAB_Nafarroako-egoitzak_5-300x169.jpg 300w, https:\/\/www.lab.eus\/wp-content\/uploads\/2024\/04\/2024-04-10-LAB_Nafarroako-egoitzak_5-768x432.jpg 768w, https:\/\/www.lab.eus\/wp-content\/uploads\/2024\/04\/2024-04-10-LAB_Nafarroako-egoitzak_5-1536x864.jpg 1536w, https:\/\/www.lab.eus\/wp-content\/uploads\/2024\/04\/2024-04-10-LAB_Nafarroako-egoitzak_5-150x84.jpg 150w, https:\/\/www.lab.eus\/wp-content\/uploads\/2024\/04\/2024-04-10-LAB_Nafarroako-egoitzak_5-696x392.jpg 696w, https:\/\/www.lab.eus\/wp-content\/uploads\/2024\/04\/2024-04-10-LAB_Nafarroako-egoitzak_5-1068x601.jpg 1068w, https:\/\/www.lab.eus\/wp-content\/uploads\/2024\/04\/2024-04-10-LAB_Nafarroako-egoitzak_5.jpg 1920w\" sizes=\"auto, (max-width: 1024px) 100vw, 1024px\" \/><\/figure>\n\n\n\n<figure class=\"wp-block-image size-large\"><img loading=\"lazy\" decoding=\"async\" width=\"1024\" height=\"576\" data-id=\"69233\" src=\"https:\/\/www.lab.eus\/wp-content\/uploads\/2024\/04\/2024-04-10-LAB_Nafarroako-egoitzak_7-1024x576.jpg\" alt=\"\" class=\"wp-image-69233\" srcset=\"https:\/\/www.lab.eus\/wp-content\/uploads\/2024\/04\/2024-04-10-LAB_Nafarroako-egoitzak_7-1024x576.jpg 1024w, https:\/\/www.lab.eus\/wp-content\/uploads\/2024\/04\/2024-04-10-LAB_Nafarroako-egoitzak_7-300x169.jpg 300w, https:\/\/www.lab.eus\/wp-content\/uploads\/2024\/04\/2024-04-10-LAB_Nafarroako-egoitzak_7-768x432.jpg 768w, https:\/\/www.lab.eus\/wp-content\/uploads\/2024\/04\/2024-04-10-LAB_Nafarroako-egoitzak_7-1536x864.jpg 1536w, https:\/\/www.lab.eus\/wp-content\/uploads\/2024\/04\/2024-04-10-LAB_Nafarroako-egoitzak_7-150x84.jpg 150w, https:\/\/www.lab.eus\/wp-content\/uploads\/2024\/04\/2024-04-10-LAB_Nafarroako-egoitzak_7-696x391.jpg 696w, https:\/\/www.lab.eus\/wp-content\/uploads\/2024\/04\/2024-04-10-LAB_Nafarroako-egoitzak_7-1068x600.jpg 1068w, https:\/\/www.lab.eus\/wp-content\/uploads\/2024\/04\/2024-04-10-LAB_Nafarroako-egoitzak_7.jpg 1825w\" sizes=\"auto, (max-width: 1024px) 100vw, 1024px\" \/><\/figure>\n\n\n\n<figure class=\"wp-block-image size-large\"><img loading=\"lazy\" decoding=\"async\" width=\"1024\" height=\"768\" data-id=\"69229\" src=\"https:\/\/www.lab.eus\/wp-content\/uploads\/2024\/04\/2024-04-10-LAB_Nafarroako-egoitzak__3-1024x768.jpg\" alt=\"\" class=\"wp-image-69229\" srcset=\"https:\/\/www.lab.eus\/wp-content\/uploads\/2024\/04\/2024-04-10-LAB_Nafarroako-egoitzak__3-1024x768.jpg 1024w, https:\/\/www.lab.eus\/wp-content\/uploads\/2024\/04\/2024-04-10-LAB_Nafarroako-egoitzak__3-300x225.jpg 300w, https:\/\/www.lab.eus\/wp-content\/uploads\/2024\/04\/2024-04-10-LAB_Nafarroako-egoitzak__3-768x576.jpg 768w, https:\/\/www.lab.eus\/wp-content\/uploads\/2024\/04\/2024-04-10-LAB_Nafarroako-egoitzak__3-150x113.jpg 150w, https:\/\/www.lab.eus\/wp-content\/uploads\/2024\/04\/2024-04-10-LAB_Nafarroako-egoitzak__3-696x522.jpg 696w, https:\/\/www.lab.eus\/wp-content\/uploads\/2024\/04\/2024-04-10-LAB_Nafarroako-egoitzak__3-1068x801.jpg 1068w, https:\/\/www.lab.eus\/wp-content\/uploads\/2024\/04\/2024-04-10-LAB_Nafarroako-egoitzak__3.jpg 1280w\" sizes=\"auto, (max-width: 1024px) 100vw, 1024px\" \/><\/figure>\n<\/figure>\n","protected":false},"excerpt":{"rendered":"<p>Una veintena de trabajadoras de la comunidad del sindicato LAB han cortado esta ma\u00f1ana la calle del Conde Oliveto de Iru\u00f1ea, en ambos sentidos, para protestar por el bloqueo de la negociaci\u00f3n del que ser\u00e1 el primer convenio de las residencias de Nafarroa. LAB quiere aplaudir la actitud y el compromiso de las trabajadoras de residencias, pero tambi\u00e9n quiere denunciar la actuaci\u00f3n de la Polic\u00eda Foral, que hoy ha sacado a las manifestantes de la carretera de mala manera. LAB, que hoy hab\u00eda llamado a un paros de dos horas en residencias, ha convocado un nuevo paro para el 17 de abril; y si no se desbloquean las negociaciones, convocar\u00e1 una huelga de d\u00eda completo el 24 de abril.<\/p>\n","protected":false},"author":1191,"featured_media":69231,"comment_status":"closed","ping_status":"closed","sticky":false,"template":"","format":"standard","meta":{"_monsterinsights_skip_tracking":false,"_monsterinsights_sitenote_active":false,"_monsterinsights_sitenote_note":"","_monsterinsights_sitenote_category":0,"footnotes":"","_links_to":"","_links_to_target":""},"categories":[18,2867,3000,6],"tags":[3033,3178,3066,4009,3217,3171],"class_list":{"0":"post-69243","1":"post","2":"type-post","3":"status-publish","4":"format-standard","5":"has-post-thumbnail","7":"category-es-accion-sindical","8":"category-federaciones","9":"category-servicio-sociocomunitario","10":"category-es-servicios-publicos","11":"tag-accion-sindical-es","12":"tag-destacado-1","13":"tag-federaciones-es","14":"tag-residencias-de-nafarroa","15":"tag-servicios-sociocomunitarios","16":"tag-servicios-publicos-es"},"_links":{"self":[{"href":"https:\/\/www.lab.eus\/es\/wp-json\/wp\/v2\/posts\/69243","targetHints":{"allow":["GET"]}}],"collection":[{"href":"https:\/\/www.lab.eus\/es\/wp-json\/wp\/v2\/posts"}],"about":[{"href":"https:\/\/www.lab.eus\/es\/wp-json\/wp\/v2\/types\/post"}],"author":[{"embeddable":true,"href":"https:\/\/www.lab.eus\/es\/wp-json\/wp\/v2\/users\/1191"}],"replies":[{"embeddable":true,"href":"https:\/\/www.lab.eus\/es\/wp-json\/wp\/v2\/comments?post=69243"}],"version-history":[{"count":0,"href":"https:\/\/www.lab.eus\/es\/wp-json\/wp\/v2\/posts\/69243\/revisions"}],"wp:featuredmedia":[{"embeddable":true,"href":"https:\/\/www.lab.eus\/es\/wp-json\/wp\/v2\/media\/69231"}],"wp:attachment":[{"href":"https:\/\/www.lab.eus\/es\/wp-json\/wp\/v2\/media?parent=69243"}],"wp:term":[{"taxonomy":"category","embeddable":true,"href":"https:\/\/www.lab.eus\/es\/wp-json\/wp\/v2\/categories?post=69243"},{"taxonomy":"post_tag","embeddable":true,"href":"https:\/\/www.lab.eus\/es\/wp-json\/wp\/v2\/tags?post=69243"}],"curies":[{"name":"wp","href":"https:\/\/api.w.org\/{rel}","templated":true}]}}