{"id":68946,"date":"2024-03-27T11:01:39","date_gmt":"2024-03-27T11:01:39","guid":{"rendered":"https:\/\/www.lab.eus\/?p=68946"},"modified":"2024-03-27T11:03:21","modified_gmt":"2024-03-27T11:03:21","slug":"la-mayoria-del-comite-de-empresa-de-mecaner-hace-publico-el-plan-de-transicion-ecosocial-que-ha-elaborado-como-una-herramienta-mas-en-la-busqueda-de-soluciones","status":"publish","type":"post","link":"https:\/\/www.lab.eus\/es\/la-mayoria-del-comite-de-empresa-de-mecaner-hace-publico-el-plan-de-transicion-ecosocial-que-ha-elaborado-como-una-herramienta-mas-en-la-busqueda-de-soluciones\/","title":{"rendered":"La mayor\u00eda del comit\u00e9 de empresa de Mecaner hace p\u00fablico el Plan de Transici\u00f3n Ecosocial que ha elaborado como una herramienta m\u00e1s en la b\u00fasqueda de soluciones"},"content":{"rendered":"\n<p>La mayor\u00eda del comit\u00e9 de empresa, tras la tercera reuni\u00f3n de la mesa negociadora del proceso del ERE para el cierre de Mecaner celebrada ayer, hace la siguiente lectura:<\/p>\n\n\n\n<p>En esta reuni\u00f3n, la empresa, de la mano del jefe de estrategia global industrial de Stellantis, ha presentado un estudio econ\u00f3mico de alternativas que supuestamente han estudiado antes de decidir el cierre para intentar justificar una decisi\u00f3n puramente estrat\u00e9gica que estaba tomada con anterioridad.<\/p>\n\n\n\n<p>La mayor\u00eda del Comit\u00e9 ha vuelto a dejar clara la necesidad de hablar del futuro de Mecaner y no del cierre, de una forma seria y sosegada, que garantice la continuidad de la actividad industrial y el mantenimiento del empleo.<\/p>\n\n\n\n<p>Primero, ha trasladado que es necesario retirar el ERE para poder hablar de propuestas y buscar soluciones. Por ello, ha presentado el Plan de Transici\u00f3n Ecosocial que ha elaborado con la ayuda del Ayuntamiento de Urduliz y junto con la cooperativa Gar\u00faa. Adem\u00e1s, ha solicitado hacer una reuni\u00f3n a tres; con Stellantis y el Gobierno Vasco para hablar sobre las diferentes opciones y v\u00edas que garanticen el futuro de Mecaner. \u00ab\u00bfGobierno Vasco y Stellantis est\u00e1is dispuestos a hablar sobre el futuro de Mecaner?\u00bb, ha preguntado.<\/p>\n\n\n\n<p>La mayor\u00eda del comit\u00e9 de empresa se\u00f1ala que ha demostrado que est\u00e1 dispuesta a ello y que un futuro para Mecaner es posible.<\/p>\n\n\n\n<p>Por ello, han querido compartir con la sociedad y los diferentes agentes sociales, pol\u00edticos y medios de comunicaci\u00f3n el <a href=\"https:\/\/www.garuacoop.es\/plan-de-transicion-ecosocial-para-mecaner\/\">Plan de Transici\u00f3n Ecosocial<\/a> que ha elaborado, como una herramienta m\u00e1s en la b\u00fasqueda de soluciones.<\/p>\n\n\n\n<p>Salvemos Mecaner.<\/p>\n","protected":false},"excerpt":{"rendered":"<p>La mayor\u00eda del comit\u00e9 de empresa, tras la tercera reuni\u00f3n de la mesa negociadora del proceso del ERE para el cierre de Mecaner celebrada ayer, hace la siguiente lectura:<\/p>\n","protected":false},"author":1191,"featured_media":68944,"comment_status":"closed","ping_status":"closed","sticky":false,"template":"","format":"standard","meta":{"_monsterinsights_skip_tracking":false,"_monsterinsights_sitenote_active":false,"_monsterinsights_sitenote_note":"","_monsterinsights_sitenote_category":0,"footnotes":"","_links_to":"","_links_to_target":""},"categories":[18,2867,2868,108],"tags":[3033,3178,2996,4217,3064],"class_list":{"0":"post-68946","1":"post","2":"type-post","3":"status-publish","4":"format-standard","5":"has-post-thumbnail","7":"category-es-accion-sindical","8":"category-federaciones","9":"category-industria-es","10":"category-es-metal","11":"tag-accion-sindical-es","12":"tag-destacado-1","13":"tag-industria-es","14":"tag-mecaner","15":"tag-metal-es"},"_links":{"self":[{"href":"https:\/\/www.lab.eus\/es\/wp-json\/wp\/v2\/posts\/68946","targetHints":{"allow":["GET"]}}],"collection":[{"href":"https:\/\/www.lab.eus\/es\/wp-json\/wp\/v2\/posts"}],"about":[{"href":"https:\/\/www.lab.eus\/es\/wp-json\/wp\/v2\/types\/post"}],"author":[{"embeddable":true,"href":"https:\/\/www.lab.eus\/es\/wp-json\/wp\/v2\/users\/1191"}],"replies":[{"embeddable":true,"href":"https:\/\/www.lab.eus\/es\/wp-json\/wp\/v2\/comments?post=68946"}],"version-history":[{"count":0,"href":"https:\/\/www.lab.eus\/es\/wp-json\/wp\/v2\/posts\/68946\/revisions"}],"wp:featuredmedia":[{"embeddable":true,"href":"https:\/\/www.lab.eus\/es\/wp-json\/wp\/v2\/media\/68944"}],"wp:attachment":[{"href":"https:\/\/www.lab.eus\/es\/wp-json\/wp\/v2\/media?parent=68946"}],"wp:term":[{"taxonomy":"category","embeddable":true,"href":"https:\/\/www.lab.eus\/es\/wp-json\/wp\/v2\/categories?post=68946"},{"taxonomy":"post_tag","embeddable":true,"href":"https:\/\/www.lab.eus\/es\/wp-json\/wp\/v2\/tags?post=68946"}],"curies":[{"name":"wp","href":"https:\/\/api.w.org\/{rel}","templated":true}]}}