{"id":68903,"date":"2024-03-26T12:19:43","date_gmt":"2024-03-26T12:19:43","guid":{"rendered":"https:\/\/www.lab.eus\/?p=68903"},"modified":"2024-03-26T12:19:45","modified_gmt":"2024-03-26T12:19:45","slug":"nos-movilizaremos-por-la-absolucion-de-los-artesanos-de-la-paz","status":"publish","type":"post","link":"https:\/\/www.lab.eus\/es\/nos-movilizaremos-por-la-absolucion-de-los-artesanos-de-la-paz\/","title":{"rendered":"Nos movilizaremos por la absoluci\u00f3n de los Artesanos de la Paz"},"content":{"rendered":"\n<p>Hoy han comparecido en rueda de prensa en Bilbo los sindicatos que pertenecieron al Foro Social LAB, ELA, ESK, STEILAS, ETXALDE e HIRU y muchos representantes de la sociedad civil, como Antxeta Irratia, Bilgune Feminista, Etxerat, Egiari Zor, Gernika Batzordea, Herri Eliza, Hitz &amp; Hitz, Bakea eta Duintasuna y Sare Herritarra. Han tratado sobre el juicio que se realizar\u00e1 en Par\u00eds los d\u00edas 2 y 3 de abril a los Artesanos de la Paz, en el que tendr\u00e1n que comparecer como pesonas acusadas B\u00e9atrice Molle-Haran eta Txetx Etcheverry. Han reclamado la absoluci\u00f3n de ambos y han realizado un llamamiento a participar en las movilizaciones que se van a llevar a cabo el 3 de abril en las 7 capitales de Euskal Herria.<\/p>\n\n\n\n<p>Es por ello que han destacado que se sienten interpelados e interpeladas por el juicio a los artesanos de la Paz y concernidas y concernidos por la din\u00e1mica ampliamente compartida que se est\u00e1 desarrollando en Iparralde por esta causa.<\/p>\n\n\n\n<p>Igor Arroyo tambi\u00e9n ha tomado la palabra y ha destacado que el juicio de Luhuso deja claro el car\u00e1cter extraordinario del proceso de paz que ha habido en Euskal Herria. Por una parte, por la existencia de obst\u00e1culos por parte de estructuras pol\u00edticas, jur\u00eddicas y judiciales; y por otro, por los esfuerzos realizados para superar dichos obst\u00e1culos, no solo por parte de la Izquierda Abertzale, sino por parte de numerosos agentes sociales, sindicales y pol\u00edticos de Euskal Herria. \u201cLa agenda de la resoluci\u00f3n ha avanzado con el impulso de los agentes vascos y el apoyo de agentes internacionales\u201d, ha indicado.<\/p>\n\n\n\n<p>Ha se\u00f1alado que los obst\u00e1culos puestos por los estados no han desaparecido del todo, como demuestra el juicio contra los artesanos de la paz. En cuanto al Estado espa\u00f1ol, ha indicado que, si bien en la \u00faltima legislatura se han producido avances, la actitud negacionista y obstruccionista persiste en dos \u00e1mbitos.<\/p>\n\n\n\n<p><br>En primer lugar, mientras las instituciones vascas han abierto v\u00edas de reconocimiento a todas las v\u00edctimas, aun siendo limitadas, el Estado espa\u00f1ol no ha hecho nada parecido. No ha habido reconocimiento del dolor causado por la guerra sucia, la violencia policial y la tortura.<br><br>En segundo lugar, aunque se ha acabado con la dispersi\u00f3n, la legislaci\u00f3n penal y penitenciaria excepcional impuesta a las y los presos vascos no ha sido totalmente derogada. Arroyo ha reclamado la eliminaci\u00f3n de la ingenier\u00eda jur\u00eddica que tiene por objeto la pr\u00f3rroga de las condenas, as\u00ed como el cese de toda actividad que impida a las y los presos vascos realizar el recorrido hacia la libertad condicional, como los recursos contra el cambio de grado.<\/p>\n","protected":false},"excerpt":{"rendered":"<p>Hoy han comparecido en rueda de prensa en Bilbo los sindicatos que pertenecieron al Foro Social LAB, ELA, ESK, STEILAS, ETXALDE e HIRU y muchos representantes de la sociedad civil, como Antxeta Irratia, Bilgune Feminista, Etxerat, Egiari Zor, Gernika Batzordea, Herri Eliza, Hitz &#038; Hitz, Bakea eta Duintasuna y Sare Herritarra. Han tratado sobre el juicio que se realizar\u00e1 en Par\u00eds los d\u00edas 2 y 3 de abril a los Artesanos de la Paz, en el que tendr\u00e1n que comparecer como pesonas acusadas B\u00e9atrice Molle-Haran eta Txetx Etcheverry. Han reclamado la absoluci\u00f3n de ambos y han realizado un llamamiento a participar en las movilizaciones que se van a llevar a cabo el 3 de abril en las 7 capitales de Euskal Herria.<\/p>\n","protected":false},"author":1191,"featured_media":68900,"comment_status":"closed","ping_status":"closed","sticky":false,"template":"","format":"standard","meta":{"_monsterinsights_skip_tracking":false,"_monsterinsights_sitenote_active":false,"_monsterinsights_sitenote_note":"","_monsterinsights_sitenote_category":0,"footnotes":"","_links_to":"","_links_to_target":""},"categories":[3283],"tags":[3445,3178],"class_list":{"0":"post-68903","1":"post","2":"type-post","3":"status-publish","4":"format-standard","5":"has-post-thumbnail","7":"category-sin-categorizar","8":"tag-accion-politica","9":"tag-destacado-1"},"_links":{"self":[{"href":"https:\/\/www.lab.eus\/es\/wp-json\/wp\/v2\/posts\/68903","targetHints":{"allow":["GET"]}}],"collection":[{"href":"https:\/\/www.lab.eus\/es\/wp-json\/wp\/v2\/posts"}],"about":[{"href":"https:\/\/www.lab.eus\/es\/wp-json\/wp\/v2\/types\/post"}],"author":[{"embeddable":true,"href":"https:\/\/www.lab.eus\/es\/wp-json\/wp\/v2\/users\/1191"}],"replies":[{"embeddable":true,"href":"https:\/\/www.lab.eus\/es\/wp-json\/wp\/v2\/comments?post=68903"}],"version-history":[{"count":0,"href":"https:\/\/www.lab.eus\/es\/wp-json\/wp\/v2\/posts\/68903\/revisions"}],"wp:featuredmedia":[{"embeddable":true,"href":"https:\/\/www.lab.eus\/es\/wp-json\/wp\/v2\/media\/68900"}],"wp:attachment":[{"href":"https:\/\/www.lab.eus\/es\/wp-json\/wp\/v2\/media?parent=68903"}],"wp:term":[{"taxonomy":"category","embeddable":true,"href":"https:\/\/www.lab.eus\/es\/wp-json\/wp\/v2\/categories?post=68903"},{"taxonomy":"post_tag","embeddable":true,"href":"https:\/\/www.lab.eus\/es\/wp-json\/wp\/v2\/tags?post=68903"}],"curies":[{"name":"wp","href":"https:\/\/api.w.org\/{rel}","templated":true}]}}