{"id":68795,"date":"2024-03-21T14:20:04","date_gmt":"2024-03-21T14:20:04","guid":{"rendered":"https:\/\/www.lab.eus\/?p=68795"},"modified":"2024-03-21T14:20:05","modified_gmt":"2024-03-21T14:20:05","slug":"hemos-reclamado-que-la-sanidad-de-tolosaldea-sea-100-publica-con-todos-los-servicios-y-con-la-plantilla-de-asuncion","status":"publish","type":"post","link":"https:\/\/www.lab.eus\/es\/hemos-reclamado-que-la-sanidad-de-tolosaldea-sea-100-publica-con-todos-los-servicios-y-con-la-plantilla-de-asuncion\/","title":{"rendered":"Hemos reclamado que la sanidad de Tolosaldea sea 100% p\u00fablica, con todos los servicios y con la plantilla de Asunci\u00f3n"},"content":{"rendered":"\n<p>Los y las trabajadoras de Asunci\u00f3n y las y los vecinos de Tolosaldea llevan a\u00f1os moviliz\u00e1ndose para conseguir un hospital p\u00fablico. La plantilla ha denunciado en infinidad de ocasiones las condiciones laborales que existen en la Cl\u00ednica de la Asunci\u00f3n, su centro de trabajo, as\u00ed como las carencias y problemas que presenta el servicio que all\u00ed se presta.<\/p>\n\n\n\n<p>El Gobierno Vasco decidi\u00f3 en 2019 que se construir\u00e1 un hospital p\u00fablico en Tolosa gracias a las movilizaciones de trabajadores y trabajadoras y ciudadan\u00eda. Pero los pasos que se han dado a continuaci\u00f3n y la direcci\u00f3n que ha tomado el futuro del hospital llena a la plantilla de preocupaci\u00f3n.<\/p>\n\n\n\n<p>Por un lado, atendiendo al Plan Funcional del Gobierno Vasco que define el hospital p\u00fablico, se ve claramente que no contar\u00e1 con los servicios que tienen los hospitales de las comarcas vecinas. Por ejemplo el caso del hospital de Debagoiena, cuya poblaci\u00f3n es similar a la de Tolosaldea. Lo dicho viene corroborado por las recientes declaraciones de Sagardui en la comisi\u00f3n de salud sobre el plan funcional del nuevo hospital.<\/p>\n\n\n\n<p>Las alcaldesas y alcaldes de Tolosaldea tambi\u00e9n han puesto sobre la mesa la posibilidad de seguir prestando algunos de los servicios que ahora presta el hospital de Asunci\u00f3n. Tras el rechazo de Sagardui a la petici\u00f3n de los alcaldes y alcaldesas de publificar Asunci\u00f3n, el objetivo del Gobierno Vasco es que la sanidad de Tolosaldea no sea del todo p\u00fablica. Este plan funcional tampoco garantiza que toda la plantilla del nuevo hospital que se quiere construir sea p\u00fablica y no se menciona, por ejemplo, al personal de limpieza.<\/p>\n\n\n\n<p>El plan funcional no aclara qu\u00e9 ocurrir\u00e1 con los y las trabajadoras de Asunci\u00f3n y tampoco se ha aclarado en la comisi\u00f3n de salud. En la reuni\u00f3n que hemos mantenido recientemente los y las representantes de la plantilla en el Ayuntamiento de Tolosa no dan el visto bueno a la petici\u00f3n de subrogaci\u00f3n. En las \u00faltimas d\u00e9cadas han sido los y las trabajadoras de Asunci\u00f3n quienes han atendido a la ciudadan\u00eda, ante m\u00faltiples dificultades, trabajando con profesionalidad y responsabilidad. Han desempe\u00f1ado la funci\u00f3n de un hospital comarcal, aunque para ello hayan tenido que trabajar en peores condiciones que los hospitales p\u00fablicos de otras comarcas. No aceptar\u00e1n ning\u00fan hospital p\u00fablico que no cuente con el personal que trabaja en la cl\u00ednica Asunci\u00f3n.<\/p>\n\n\n\n<p>En este sentido, desde LAB y ELA, que formamos parte del comit\u00e9 de empresa, reiteramos la reivindicaci\u00f3n del modelo sanitario de Tolosaldea y pedimos a PNV y EH Bildu, con responsabilidad institucional, que defiendan:<\/p>\n\n\n\n<p>&#8211; Una sanidad con todos los servicios en Tolosaldea.<\/p>\n\n\n\n<p>&#8211; 100% p\u00fablica.<\/p>\n\n\n\n<p>&#8211; Subrogaci\u00f3n del personal que trabaja a d\u00eda de hoy en la cl\u00ednica Asunci\u00f3n.<\/p>\n\n\n\n<p>LAB y ELA seguiremos movilizando a los trabajadores y trabajadoras y recorriendo el camino hasta conseguir que la sanidad que reivindicamos en Tolosaldea sea p\u00fablica.<\/p>\n","protected":false},"excerpt":{"rendered":"<p>Los y las trabajadoras de Asunci\u00f3n y las y los vecinos de Tolosaldea llevan a\u00f1os moviliz\u00e1ndose para conseguir un hospital p\u00fablico. La plantilla ha denunciado en infinidad de ocasiones las condiciones laborales que existen en la Cl\u00ednica de la Asunci\u00f3n, su centro de trabajo, as\u00ed como las carencias y problemas que presenta el servicio que all\u00ed se presta.<\/p>\n","protected":false},"author":1191,"featured_media":68793,"comment_status":"closed","ping_status":"closed","sticky":false,"template":"","format":"standard","meta":{"_monsterinsights_skip_tracking":false,"_monsterinsights_sitenote_active":false,"_monsterinsights_sitenote_note":"","_monsterinsights_sitenote_category":0,"footnotes":"","_links_to":"","_links_to_target":""},"categories":[18,2867,3097,6],"tags":[3033,2482,3178,3066,3100,3171],"class_list":{"0":"post-68795","1":"post","2":"type-post","3":"status-publish","4":"format-standard","5":"has-post-thumbnail","7":"category-es-accion-sindical","8":"category-federaciones","9":"category-sanidad","10":"category-es-servicios-publicos","11":"tag-accion-sindical-es","12":"tag-asuncion","13":"tag-destacado-1","14":"tag-federaciones-es","15":"tag-sanidad-es","16":"tag-servicios-publicos-es"},"_links":{"self":[{"href":"https:\/\/www.lab.eus\/es\/wp-json\/wp\/v2\/posts\/68795","targetHints":{"allow":["GET"]}}],"collection":[{"href":"https:\/\/www.lab.eus\/es\/wp-json\/wp\/v2\/posts"}],"about":[{"href":"https:\/\/www.lab.eus\/es\/wp-json\/wp\/v2\/types\/post"}],"author":[{"embeddable":true,"href":"https:\/\/www.lab.eus\/es\/wp-json\/wp\/v2\/users\/1191"}],"replies":[{"embeddable":true,"href":"https:\/\/www.lab.eus\/es\/wp-json\/wp\/v2\/comments?post=68795"}],"version-history":[{"count":0,"href":"https:\/\/www.lab.eus\/es\/wp-json\/wp\/v2\/posts\/68795\/revisions"}],"wp:featuredmedia":[{"embeddable":true,"href":"https:\/\/www.lab.eus\/es\/wp-json\/wp\/v2\/media\/68793"}],"wp:attachment":[{"href":"https:\/\/www.lab.eus\/es\/wp-json\/wp\/v2\/media?parent=68795"}],"wp:term":[{"taxonomy":"category","embeddable":true,"href":"https:\/\/www.lab.eus\/es\/wp-json\/wp\/v2\/categories?post=68795"},{"taxonomy":"post_tag","embeddable":true,"href":"https:\/\/www.lab.eus\/es\/wp-json\/wp\/v2\/tags?post=68795"}],"curies":[{"name":"wp","href":"https:\/\/api.w.org\/{rel}","templated":true}]}}