{"id":68776,"date":"2024-03-21T10:32:03","date_gmt":"2024-03-21T10:32:03","guid":{"rendered":"https:\/\/www.lab.eus\/?p=68776"},"modified":"2024-03-21T10:32:04","modified_gmt":"2024-03-21T10:32:04","slug":"la-plantilla-de-la-zona-azul-de-irunea-estara-en-huelga-los-dias-25-26-y-27-de-marzo-por-la-negativa-de-dornier-a-negociar-un-convenio-justo","status":"publish","type":"post","link":"https:\/\/www.lab.eus\/es\/la-plantilla-de-la-zona-azul-de-irunea-estara-en-huelga-los-dias-25-26-y-27-de-marzo-por-la-negativa-de-dornier-a-negociar-un-convenio-justo\/","title":{"rendered":"La plantilla de la zona azul de Iru\u00f1ea estar\u00e1 en huelga los d\u00edas 25, 26 y 27 de marzo por la negativa de Dornier a negociar un convenio justo"},"content":{"rendered":"\n<p>Representantes del Comit\u00e9 de Empresa de Dornier, la adjudicataria del servicio de estacionamiento regulado en Iru\u00f1ea \u2012conocido como \u201czona azul\u201d\u2012, han ofrecido esta ma\u00f1ana una rueda de prensa junto a la sede de la empresa para anunciar que realizar\u00e1n una huelga los tres d\u00edas anteriores a Semana Santa. Los trabajadores y trabajadoras han manifestado que a pesar de que la parte social ha realizado numerosas aportaciones e intentos de acercamiento de cara a establecer unas bases de negociaci\u00f3n Dornier en todo momento se ha negado a negociar unas condiciones dignas para la plantilla.<\/p>\n\n\n\n<p>La convocatoria de huelga para los d\u00edas 25, 26 y 27 de marzo la ha realizado el Comit\u00e9 de Empresa de Dornier al completo \u2012compuesto por 3 delegadas de LAB, 3 de ELA, 2 de UGT y 1 de CCOO\u2012. Los y las representantes de la plantilla han explicado que la empresa aduce que no tiene \u201cnada que negociar\u201d debido a que no cuenta \u201cni con la informaci\u00f3n ni con las cuant\u00edas del pliego\u201d de adjudicaci\u00f3n. Por su parte, los y las trabajadoras de Dornier piensan que hay que negociar y llegar a un acuerdo antes de que salga el pliego, puesto que una vez que salga y la partida presupuestaria est\u00e9 dada ya no habr\u00e1 margen de maniobra para mejorar las precarias condiciones de trabajo de la plantilla.<\/p>\n\n\n\n<p>El Comit\u00e9 de Empresa ha recordado que el pliego de condiciones adjudicado a Dornier est\u00e1 en una situaci\u00f3n de pr\u00f3rroga por lo que la empresa percibir\u00e1 de enero a abril 331.500 euros por el servicio de gr\u00faas y 3.360.833,23 euros por el servicio de estacionamiento regulado; a lo que habr\u00eda que a\u00f1adir los ingresos de los aparcamientos disuasorios. En opini\u00f3n del Comit\u00e9 de Empresa ha habido un incremento de precios que Dornier no quiere repercutir en el salario de los trabajadores y trabajadoras. \u201cSu buena voluntad pasa por tener ellos sus objetivos a costa de nuestro esfuerzo, precariedad salarial y p\u00e9rdida constante del poder adquisitivo\u201d, han a\u00f1adido.<\/p>\n\n\n\n<p>Durante los tres d\u00edas de huelga los trabajadores y trabajadoras de Dornier realizar\u00e1n concentraciones por la ma\u00f1ana en la Plaza del Ayuntamiento y por la tarde en la Plaza de Merindades. Las concentraciones de la ma\u00f1ana ser\u00e1n a las 12:00 (menos la del lunes que ser\u00e1 a las 11:00) y las de la tarde, a las 18:00.<\/p>\n","protected":false},"excerpt":{"rendered":"<p>Representantes del Comit\u00e9 de Empresa de Dornier, la adjudicataria del servicio de estacionamiento regulado en Iru\u00f1ea \u2012conocido como \u201czona azul\u201d\u2012, han ofrecido esta ma\u00f1ana una rueda de prensa junto a la sede de la empresa para anunciar que realizar\u00e1n una huelga los tres d\u00edas anteriores a Semana Santa. Los trabajadores y trabajadoras han manifestado que a pesar de que la parte social ha realizado numerosas aportaciones e intentos de acercamiento de cara a establecer unas bases de negociaci\u00f3n Dornier en todo momento se ha negado a negociar unas condiciones dignas para la plantilla.<\/p>\n","protected":false},"author":1191,"featured_media":68774,"comment_status":"closed","ping_status":"closed","sticky":false,"template":"","format":"standard","meta":{"_monsterinsights_skip_tracking":false,"_monsterinsights_sitenote_active":false,"_monsterinsights_sitenote_note":"","_monsterinsights_sitenote_category":0,"footnotes":"","_links_to":"","_links_to_target":""},"categories":[18,2867,8],"tags":[3033,3178,4349,3066,3172],"class_list":{"0":"post-68776","1":"post","2":"type-post","3":"status-publish","4":"format-standard","5":"has-post-thumbnail","7":"category-es-accion-sindical","8":"category-federaciones","9":"category-es-servicios-privados","10":"tag-accion-sindical-es","11":"tag-destacado-1","12":"tag-dornier","13":"tag-federaciones-es","14":"tag-servicios-privados-es"},"_links":{"self":[{"href":"https:\/\/www.lab.eus\/es\/wp-json\/wp\/v2\/posts\/68776","targetHints":{"allow":["GET"]}}],"collection":[{"href":"https:\/\/www.lab.eus\/es\/wp-json\/wp\/v2\/posts"}],"about":[{"href":"https:\/\/www.lab.eus\/es\/wp-json\/wp\/v2\/types\/post"}],"author":[{"embeddable":true,"href":"https:\/\/www.lab.eus\/es\/wp-json\/wp\/v2\/users\/1191"}],"replies":[{"embeddable":true,"href":"https:\/\/www.lab.eus\/es\/wp-json\/wp\/v2\/comments?post=68776"}],"version-history":[{"count":0,"href":"https:\/\/www.lab.eus\/es\/wp-json\/wp\/v2\/posts\/68776\/revisions"}],"wp:featuredmedia":[{"embeddable":true,"href":"https:\/\/www.lab.eus\/es\/wp-json\/wp\/v2\/media\/68774"}],"wp:attachment":[{"href":"https:\/\/www.lab.eus\/es\/wp-json\/wp\/v2\/media?parent=68776"}],"wp:term":[{"taxonomy":"category","embeddable":true,"href":"https:\/\/www.lab.eus\/es\/wp-json\/wp\/v2\/categories?post=68776"},{"taxonomy":"post_tag","embeddable":true,"href":"https:\/\/www.lab.eus\/es\/wp-json\/wp\/v2\/tags?post=68776"}],"curies":[{"name":"wp","href":"https:\/\/api.w.org\/{rel}","templated":true}]}}