{"id":68664,"date":"2024-03-14T14:49:42","date_gmt":"2024-03-14T14:49:42","guid":{"rendered":"https:\/\/www.lab.eus\/?p=68664"},"modified":"2024-03-14T14:50:01","modified_gmt":"2024-03-14T14:50:01","slug":"nos-suma-a-la-movilizacion-convocada-a-favor-de-palestina-por-la-iniciativa-kulturatik","status":"publish","type":"post","link":"https:\/\/www.lab.eus\/es\/nos-suma-a-la-movilizacion-convocada-a-favor-de-palestina-por-la-iniciativa-kulturatik\/","title":{"rendered":"Nos sumamos a la movilizaci\u00f3n convocada a favor de Palestina por la iniciativa Kulturatik"},"content":{"rendered":"\n<p>Hacemos un llamamiento a participar en la manifestaci\u00f3n que se realizar\u00e1 el domingo en Donostia, para mostrar solidaridad a Palestina y reivindicar el fin del genocidio.<\/p>\n\n\n\n<p>La espiral de violencia no es algo nuevo en Palestina, ha sido constante en los \u00faltimos 75 a\u00f1os debido a la colonizaci\u00f3n del territorio y al sistema de <em>apartheid<\/em> que se impone a la poblaci\u00f3n. Las cifras del conflicto lo indican claramente: 5,9 millones de personas palestinas refugiadas condenadas a condiciones de vida inhumanas y al exilio; m\u00e1s de 5.000 presas y presos pol\u00edticos, con cientos de ni\u00f1os y ni\u00f1as, el mayor campo de concentraci\u00f3n a cielo abierto, en Gaza; 16 a\u00f1os de continuos bloqueos y bombardeos contra Gaza; <em>checkpoints<\/em> inhumanos y condiciones laborales precarias para las y los trabajadores palestinos, explotaci\u00f3n generalizada; robo de tierras palestinas, razzias cotidianas en los hogares palestinos, violaciones de mujeres palestinas y acoso a ni\u00f1os y ni\u00f1os, y humillaci\u00f3n de todo un pueblo. La realidad es dura y alimenta constantemente la espiral de violencia.<\/p>\n\n\n\n<p>Desde el pasado 7 de octubre, el genocidio contra las y los palestinos est\u00e1 en marcha en Gaza, con la complicidad de Estados Unidos y la Uni\u00f3n Europea. Israel ya ha matado a m\u00e1s de 30.000 personas, m\u00e1s de 10.000 de ellas ni\u00f1os y ni\u00f1as. Israel est\u00e1 cometiendo cr\u00edmenes de guerra con total impunidad, como si un genocidio fuera un \u00abderecho de autodefensa\u00bb.<\/p>\n\n\n\n<p>Palestina necesita solidaridad y soluciones. No podemos dejar sola a Palestina. Las y los palestinos tienen derecho a so\u00f1ar, a decidir su futuro, a ser libres y a vivir con dignidad. Por eso exigimos que antes de que sea demasiado tarde, en Gaza, haya un alto el fuego que d\u00e9 paso al di\u00e1logo y a la negociaci\u00f3n.<\/p>\n\n\n\n<p>La comunidad internacional debe activar mecanismos de presi\u00f3n y soluci\u00f3n para poner fin a una ocupaci\u00f3n que se ha prolongado durante m\u00e1s de siete d\u00e9cadas. Palestina quiere la paz, pero una paz llena de contenido y justicia. Por eso una soluci\u00f3n integral debe incluir el fin de la ocupaci\u00f3n, la soluci\u00f3n a la situaci\u00f3n de las personas presas y refugiadas, el desbloqueo de Gaza y el reconocimiento de los derechos nacionales de las y los palestinos.<\/p>\n\n\n\n<p>En LAB estamos trabajando en esta direcci\u00f3n; exigiendo el alto el fuego, el fin del genocidio y toda complicidad con la estrategia de guerra de Israel. Por ello, hemos hecho llegar nuestra adhesi\u00f3n y apoyo a la iniciativa Kulturatik, y sum\u00e1ndonos a la convocatoria de movilizaci\u00f3n realizada para este domingo, mostraremos nuestra solidaridad a Palestina y reivindicaremos el fin del genocidio: llamamos a participar en la manifestaci\u00f3n del 17 de marzo a las 12:30 del mediod\u00eda en Donostia.<\/p>\n","protected":false},"excerpt":{"rendered":"<p>Hacemos un llamamiento a participar en la manifestaci\u00f3n que se realizar\u00e1 el domingo en Donostia, para mostrar solidaridad a Palestina y reivindicar el fin del genocidio.<\/p>\n","protected":false},"author":1191,"featured_media":68661,"comment_status":"closed","ping_status":"closed","sticky":false,"template":"","format":"standard","meta":{"_monsterinsights_skip_tracking":false,"_monsterinsights_sitenote_active":false,"_monsterinsights_sitenote_note":"","_monsterinsights_sitenote_category":0,"footnotes":"","_links_to":"","_links_to_target":""},"categories":[4,2973],"tags":[3178,3173,3193],"class_list":{"0":"post-68664","1":"post","2":"type-post","3":"status-publish","4":"format-standard","5":"has-post-thumbnail","7":"category-es-internacional","8":"category-secretarias","9":"tag-destacado-1","10":"tag-internacional-es","11":"tag-palestina-es"},"_links":{"self":[{"href":"https:\/\/www.lab.eus\/es\/wp-json\/wp\/v2\/posts\/68664","targetHints":{"allow":["GET"]}}],"collection":[{"href":"https:\/\/www.lab.eus\/es\/wp-json\/wp\/v2\/posts"}],"about":[{"href":"https:\/\/www.lab.eus\/es\/wp-json\/wp\/v2\/types\/post"}],"author":[{"embeddable":true,"href":"https:\/\/www.lab.eus\/es\/wp-json\/wp\/v2\/users\/1191"}],"replies":[{"embeddable":true,"href":"https:\/\/www.lab.eus\/es\/wp-json\/wp\/v2\/comments?post=68664"}],"version-history":[{"count":0,"href":"https:\/\/www.lab.eus\/es\/wp-json\/wp\/v2\/posts\/68664\/revisions"}],"wp:featuredmedia":[{"embeddable":true,"href":"https:\/\/www.lab.eus\/es\/wp-json\/wp\/v2\/media\/68661"}],"wp:attachment":[{"href":"https:\/\/www.lab.eus\/es\/wp-json\/wp\/v2\/media?parent=68664"}],"wp:term":[{"taxonomy":"category","embeddable":true,"href":"https:\/\/www.lab.eus\/es\/wp-json\/wp\/v2\/categories?post=68664"},{"taxonomy":"post_tag","embeddable":true,"href":"https:\/\/www.lab.eus\/es\/wp-json\/wp\/v2\/tags?post=68664"}],"curies":[{"name":"wp","href":"https:\/\/api.w.org\/{rel}","templated":true}]}}