{"id":68653,"date":"2024-03-14T12:16:16","date_gmt":"2024-03-14T12:16:16","guid":{"rendered":"https:\/\/www.lab.eus\/?p=68653"},"modified":"2024-03-14T12:17:37","modified_gmt":"2024-03-14T12:17:37","slug":"la-escandalosa-falta-de-plantilla-en-correos-sobrecargaa-los-y-las-trabajadoras-y-perjudica-a-la-ciudadania-de-gasteiz","status":"publish","type":"post","link":"https:\/\/www.lab.eus\/es\/la-escandalosa-falta-de-plantilla-en-correos-sobrecargaa-los-y-las-trabajadoras-y-perjudica-a-la-ciudadania-de-gasteiz\/","title":{"rendered":"La escandalosa falta de plantilla en Correos sobrecarga a los y las trabajadoras y perjudica a la ciudadan\u00eda de Gasteiz"},"content":{"rendered":"\n<p>Desde la Secci\u00f3n Sindical del Sindicato LAB en Correos en Araba denunciamos la falta de plantilla en las unidades de reparto de Gasteiz. Por hablar de un caso concreto, en la Unidad de Reparto 2, que reparte barrios como Salburua o Arana, m\u00e1s del 50% de la misma est\u00e1 sin cubrir.<\/p>\n\n\n\n<p>De las 27 plazas existentes, 14 est\u00e1n sin cubrir: 7 plazas vacantes, alguna desde hace m\u00e1s de dos a\u00f1os que se jubil\u00f3 la titular, 3 bajas, 1 en desplazamiento y 3 de permisos. Todo esto a poco m\u00e1s de un mes de empezar la campa\u00f1a de las elecciones auton\u00f3micas, y cuando vienen campa\u00f1as extraordinarias como la de la Renta, que supone un gran aumento de la carga de trabajo. Hemos puesto como ejemplo esta Unidad de Reparto, pero la situaci\u00f3n es similar en todas las dem\u00e1s.<\/p>\n\n\n\n<p>Existen casi 2.000 notificaciones pendientes, barrios como el de Salburua, que llevan d\u00edas sin repartir, decenas de paquetes pendientes. Esto afectando directamente a miles de gasteiztarras, con consecuencias directas para la ciudadan\u00eda y empresas de estas zonas.<\/p>\n\n\n\n<p>Todo ello supone una merma en el reparto del Servicio Postal Universal y una sobrecarga para los y las trabajadoras.<\/p>\n\n\n\n<p>Exigimos un servicio p\u00fablico de calidad, que debe realizar Correos, y la contrataci\u00f3n del personal suficiente para garantizar el derecho a las comunicaciones postales de la ciudadan\u00eda.<\/p>\n","protected":false},"excerpt":{"rendered":"<p>Desde la Secci\u00f3n Sindical del Sindicato LAB en Correos en Araba denunciamos la falta de plantilla en las unidades de reparto de Gasteiz. Por hablar de un caso concreto, en la Unidad de Reparto 2, que reparte barrios como Salburua o Arana, m\u00e1s del 50% de la misma est\u00e1 sin cubrir.<\/p>\n","protected":false},"author":1191,"featured_media":55249,"comment_status":"closed","ping_status":"closed","sticky":false,"template":"","format":"standard","meta":{"_monsterinsights_skip_tracking":false,"_monsterinsights_sitenote_active":false,"_monsterinsights_sitenote_note":"","_monsterinsights_sitenote_category":0,"footnotes":"","_links_to":"","_links_to_target":""},"categories":[18,3129,2867,6],"tags":[3033,3178,3066,3171],"class_list":{"0":"post-68653","1":"post","2":"type-post","3":"status-publish","4":"format-standard","5":"has-post-thumbnail","7":"category-es-accion-sindical","8":"category-correos","9":"category-federaciones","10":"category-es-servicios-publicos","11":"tag-accion-sindical-es","12":"tag-destacado-1","13":"tag-federaciones-es","14":"tag-servicios-publicos-es"},"_links":{"self":[{"href":"https:\/\/www.lab.eus\/es\/wp-json\/wp\/v2\/posts\/68653","targetHints":{"allow":["GET"]}}],"collection":[{"href":"https:\/\/www.lab.eus\/es\/wp-json\/wp\/v2\/posts"}],"about":[{"href":"https:\/\/www.lab.eus\/es\/wp-json\/wp\/v2\/types\/post"}],"author":[{"embeddable":true,"href":"https:\/\/www.lab.eus\/es\/wp-json\/wp\/v2\/users\/1191"}],"replies":[{"embeddable":true,"href":"https:\/\/www.lab.eus\/es\/wp-json\/wp\/v2\/comments?post=68653"}],"version-history":[{"count":0,"href":"https:\/\/www.lab.eus\/es\/wp-json\/wp\/v2\/posts\/68653\/revisions"}],"wp:featuredmedia":[{"embeddable":true,"href":"https:\/\/www.lab.eus\/es\/wp-json\/wp\/v2\/media\/55249"}],"wp:attachment":[{"href":"https:\/\/www.lab.eus\/es\/wp-json\/wp\/v2\/media?parent=68653"}],"wp:term":[{"taxonomy":"category","embeddable":true,"href":"https:\/\/www.lab.eus\/es\/wp-json\/wp\/v2\/categories?post=68653"},{"taxonomy":"post_tag","embeddable":true,"href":"https:\/\/www.lab.eus\/es\/wp-json\/wp\/v2\/tags?post=68653"}],"curies":[{"name":"wp","href":"https:\/\/api.w.org\/{rel}","templated":true}]}}