{"id":68614,"date":"2024-03-13T12:21:43","date_gmt":"2024-03-13T12:21:43","guid":{"rendered":"https:\/\/www.lab.eus\/?p=68614"},"modified":"2024-03-13T12:21:44","modified_gmt":"2024-03-13T12:21:44","slug":"denunciamos-la-irrupcion-de-la-policia-espanola-sin-autorizacion-judicial-en-los-centros-de-trabajo-para-proceder-a-las-detenciones-de-la-pasada-semana-contra-indar-gorri","status":"publish","type":"post","link":"https:\/\/www.lab.eus\/es\/denunciamos-la-irrupcion-de-la-policia-espanola-sin-autorizacion-judicial-en-los-centros-de-trabajo-para-proceder-a-las-detenciones-de-la-pasada-semana-contra-indar-gorri\/","title":{"rendered":"Denunciamos la irrupci\u00f3n de la polic\u00eda espa\u00f1ola sin autorizaci\u00f3n judicial en los centros de trabajo para proceder a las detenciones de la pasada semana contra Indar Gorri"},"content":{"rendered":"\n<p>El sindicato LAB quiere denunciar las operaciones policiales que mediante detenciones m\u00e1s o menos numerosas \u00fanicamente persiguen un objetivo de car\u00e1cter propagand\u00edstico para la criminalizaci\u00f3n de determinados colectivos, como lo fue la que llev\u00f3 a la detenci\u00f3n de 61 miembros de Indar Gorri el pasado 7 de marzo. Con respecto a este caso, adem\u00e1s, LAB quiere denunciar en\u00e9rgicamente la irrupci\u00f3n de los polic\u00edas en varios centros de trabajo sin la debida autorizaci\u00f3n judicial.<\/p>\n\n\n\n<p>Este sindicato tambi\u00e9n ha sufrido este tipo de operaciones policiales y sabe que las personas detenidas suelen quedar en libertad sin condiciones; por lo que es evidente que la simple citaci\u00f3n de estas personas era suficiente y no hacia falta montar semejante operaci\u00f3n policial. No es de extra\u00f1ar, adem\u00e1s, que posteriormente este tipo de causas sean archivadas. Puede que as\u00ed sea tambi\u00e9n en el caso de los de Indar Gorri, ya que ni siquiera el juez de instrucci\u00f3n coincidi\u00f3 con la versi\u00f3n policial; como lo demuestra el hecho de que no se les haya prohibido el acceso a los estadios.<\/p>\n\n\n\n<p>Con respecto a la operaci\u00f3n del 7 de marzo, este sindicato ha podido contrastar que la Polic\u00eda Nacional espa\u00f1ola irrumpi\u00f3 y accedi\u00f3 sin autorizaci\u00f3n judicial en, al menos, dos centros de trabajo para detener a trabajadores. En uno de los casos, agentes de paisano de la polic\u00eda espa\u00f1ola accedieron al edificio del comedor escolar sin la imprescindible autorizaci\u00f3n judicial y sin aviso previo al personal del centro, ocupando las salidas del mismo. Cuando el trabajador apareci\u00f3 acompa\u00f1ado de los ni\u00f1os y ni\u00f1as que se preparaban para ir a comer, es decir, mientras realizaba su trabajo, lo interceptaron para efectuar su detenci\u00f3n.<\/p>\n\n\n\n<p>En el otro caso contrastado por LAB, la propia empresa impidi\u00f3 el acceso de los agentes espa\u00f1oles por no presentar la mencionada autorizaci\u00f3n judicial. Este sindicato tiene conocimiento de que actuaciones similares ocurrieron tambi\u00e9n en otros centros de trabajo de Nafarroa. Este es un proceder inadmisible e injustificado que atenta contra los derechos de los y las trabajadoras.<\/p>\n","protected":false},"excerpt":{"rendered":"<p>El sindicato LAB quiere denunciar las operaciones policiales que mediante detenciones m\u00e1s o menos numerosas \u00fanicamente persiguen un objetivo de car\u00e1cter propagand\u00edstico para la criminalizaci\u00f3n de determinados colectivos, como lo fue la que llev\u00f3 a la detenci\u00f3n de 61 miembros de Indar Gorri el pasado 7 de marzo. Con respecto a este caso, adem\u00e1s, LAB quiere denunciar en\u00e9rgicamente la irrupci\u00f3n de los polic\u00edas en varios centros de trabajo sin la debida autorizaci\u00f3n judicial.<\/p>\n","protected":false},"author":1191,"featured_media":68612,"comment_status":"closed","ping_status":"closed","sticky":false,"template":"","format":"standard","meta":{"_monsterinsights_skip_tracking":false,"_monsterinsights_sitenote_active":false,"_monsterinsights_sitenote_note":"","_monsterinsights_sitenote_category":0,"footnotes":"","_links_to":"","_links_to_target":""},"categories":[18],"tags":[3033,3178],"class_list":{"0":"post-68614","1":"post","2":"type-post","3":"status-publish","4":"format-standard","5":"has-post-thumbnail","7":"category-es-accion-sindical","8":"tag-accion-sindical-es","9":"tag-destacado-1"},"_links":{"self":[{"href":"https:\/\/www.lab.eus\/es\/wp-json\/wp\/v2\/posts\/68614","targetHints":{"allow":["GET"]}}],"collection":[{"href":"https:\/\/www.lab.eus\/es\/wp-json\/wp\/v2\/posts"}],"about":[{"href":"https:\/\/www.lab.eus\/es\/wp-json\/wp\/v2\/types\/post"}],"author":[{"embeddable":true,"href":"https:\/\/www.lab.eus\/es\/wp-json\/wp\/v2\/users\/1191"}],"replies":[{"embeddable":true,"href":"https:\/\/www.lab.eus\/es\/wp-json\/wp\/v2\/comments?post=68614"}],"version-history":[{"count":0,"href":"https:\/\/www.lab.eus\/es\/wp-json\/wp\/v2\/posts\/68614\/revisions"}],"wp:featuredmedia":[{"embeddable":true,"href":"https:\/\/www.lab.eus\/es\/wp-json\/wp\/v2\/media\/68612"}],"wp:attachment":[{"href":"https:\/\/www.lab.eus\/es\/wp-json\/wp\/v2\/media?parent=68614"}],"wp:term":[{"taxonomy":"category","embeddable":true,"href":"https:\/\/www.lab.eus\/es\/wp-json\/wp\/v2\/categories?post=68614"},{"taxonomy":"post_tag","embeddable":true,"href":"https:\/\/www.lab.eus\/es\/wp-json\/wp\/v2\/tags?post=68614"}],"curies":[{"name":"wp","href":"https:\/\/api.w.org\/{rel}","templated":true}]}}