{"id":68605,"date":"2024-03-13T11:29:14","date_gmt":"2024-03-13T11:29:14","guid":{"rendered":"https:\/\/www.lab.eus\/?p=68605"},"modified":"2024-03-13T11:29:15","modified_gmt":"2024-03-13T11:29:15","slug":"en-el-metal-de-bizkaia-la-lucha-sindical-no-es-delito-2","status":"publish","type":"post","link":"https:\/\/www.lab.eus\/es\/en-el-metal-de-bizkaia-la-lucha-sindical-no-es-delito-2\/","title":{"rendered":"En el metal de Bizkaia la lucha sindical no es delito"},"content":{"rendered":"\n<p>Los sindicatos LAB, CCOO, ESK, CGT y CNT nos hemos concentrado en Bilbo, ante los juzgados de la calle Buenos Aires. Hoy han juzgado a un trabajador del metal de Bizkaia al que hemos mostrado nuestro apoyo, adem\u00e1s de se\u00f1alar que la lucha sindical no es delito.<\/p>\n\n\n\n<p>El juicio ha sido por participar en los piquetes y movilizaciones realizadas durante las 11 jornadas de huelgas del metal de Bizkaia de 2022. Debido a la lucha llevada a cabo en el metal de Bizkaiza, son, de momento, 22 los procesos judiciales que se han abierto, algunos se han archivado, y 4 personas todav\u00eda est\u00e1n a la espera de juicio. Las acusaciones van desde des\u00f3rdenes p\u00fablicos, coacciones o resistencia hasta atentando contra la autoridad. Adem\u00e1s se han recibido m\u00e1s de 15 sanciones econ\u00f3micas que van desde los 91 \u20ac hasta los 1.200 \u20ac. Sabemos que no van a ser las \u00faltimas, tenemos la experiencia de las huelgas del 2019 donde 17 personas tuvieron que pasar por los juzgados (algunas incluso con peticiones de c\u00e1rcel) y donde las sanciones econ\u00f3micas fueron numerosas.<\/p>\n\n\n\n<p>Queremos denunciar que todas estas acusaciones est\u00e1n basadas en montajes realizados por la Ertzaintza, que durante el conflicto del metal se dedic\u00f3 a amenazar y apalear a personas trabajadoras y a representantes sindicales. De hecho, 8 personas tuvieron que pasar por el hospital debido a la brutalidad policial empleada para reprimir el derecho a la huelga.<\/p>\n\n\n\n<p>La mayor\u00eda de estas actuaciones sucedieron cuando la Ertzaintza, al servicio y por orden de la patronal, intentaba evitar el acceso del Comit\u00e9 de Huelga a las empresas. Varias empresas negaron la entrada a dicho Comit\u00e9 en los d\u00edas de huelga, que pretend\u00eda comprobar que no se estaba vulnerando ning\u00fan derecho dentro de las empresas.<\/p>\n\n\n\n<p>Tambi\u00e9n queremos denunciar que este posicionamiento claro del lado de la patronal y que esta forma de actuar y esta impunidad de la Ertzaintza son una decisi\u00f3n pol\u00edtica. Una decisi\u00f3n del Departamento de Seguridad del Gobierno Vasco que cuenta, sin ninguna duda, con el benepl\u00e1cito del Lehendakari. Los d\u00edas en los que miles de trabajadores y trabajadoras del metal secundaban las huelgas y participaban en las movilizaciones de manera pac\u00edfica, las detenciones, identificaciones y los golpes fueron la estrategia del Gobierno Vasco para enmascarar el \u00e9xito rotundo de la lucha del metal de Bizkaia. Es necesario acabar con la Ley Mordaza que la derecha pol\u00edtica y las polic\u00edas usan para atacar a la clase trabajadora organizada y movilizada.<\/p>\n\n\n\n<p>El conflicto del metal de Bizkaia termin\u00f3 el 3 de febrero de 2023 con la firma de un acuerdo, pero el papel represivo y vengador del Gobierno Vasco y la Ertzaintza no ha finalizado. Despu\u00e9s de la firma del acuerdo siguen llegando denuncias a trabajadores y trabajadoras y sanciones econ\u00f3micas.<\/p>\n\n\n\n<p>Tenemos claro que el objetivo de esta din\u00e1mica represiva no es otro que criminalizar cualquier lucha de la clase trabajadora en defensa de unas condiciones de trabajo dignas y el empleo, como sucedi\u00f3 en el 2019 y 2023 en el metal de Bizkaia y en otros conflictos como Alconza, Gaude, Tubacex, PCB, Petronor, Artiach, subcontratas de limpieza de Osakidetza&#8230;<\/p>\n\n\n\n<p>Para terminar, exigimos a la Ertzaintza y al Gobierno Vasco que retire todas las denuncias realizadas y todas las sanciones econ\u00f3micas. Defender los derechos de los y las trabajadoras, nuestros derechos, nunca ser\u00e1 delito. Por ello decimos alto y claro que las denuncias, las multas y la represi\u00f3n no parar\u00e1n a los y las trabajadoras que decidan luchar por unas condiciones laborales y de vida dignas. La lucha sindical no es delito.<\/p>\n","protected":false},"excerpt":{"rendered":"<p>Los sindicatos LAB, CCOO, ESK, CGT y CNT nos hemos concentrado en Bilbo, ante los juzgados de la calle Buenos Aires. Hoy han juzgado a un trabajador del metal de Bizkaia al que hemos mostrado nuestro apoyo, adem\u00e1s de se\u00f1alar que la lucha sindical no es delito.<\/p>\n","protected":false},"author":1191,"featured_media":68602,"comment_status":"closed","ping_status":"closed","sticky":false,"template":"","format":"standard","meta":{"_monsterinsights_skip_tracking":false,"_monsterinsights_sitenote_active":false,"_monsterinsights_sitenote_note":"","_monsterinsights_sitenote_category":0,"footnotes":"","_links_to":"","_links_to_target":""},"categories":[18,2867,2868,108],"tags":[3033,3178,3066,2996,3064],"class_list":{"0":"post-68605","1":"post","2":"type-post","3":"status-publish","4":"format-standard","5":"has-post-thumbnail","7":"category-es-accion-sindical","8":"category-federaciones","9":"category-industria-es","10":"category-es-metal","11":"tag-accion-sindical-es","12":"tag-destacado-1","13":"tag-federaciones-es","14":"tag-industria-es","15":"tag-metal-es"},"_links":{"self":[{"href":"https:\/\/www.lab.eus\/es\/wp-json\/wp\/v2\/posts\/68605","targetHints":{"allow":["GET"]}}],"collection":[{"href":"https:\/\/www.lab.eus\/es\/wp-json\/wp\/v2\/posts"}],"about":[{"href":"https:\/\/www.lab.eus\/es\/wp-json\/wp\/v2\/types\/post"}],"author":[{"embeddable":true,"href":"https:\/\/www.lab.eus\/es\/wp-json\/wp\/v2\/users\/1191"}],"replies":[{"embeddable":true,"href":"https:\/\/www.lab.eus\/es\/wp-json\/wp\/v2\/comments?post=68605"}],"version-history":[{"count":0,"href":"https:\/\/www.lab.eus\/es\/wp-json\/wp\/v2\/posts\/68605\/revisions"}],"wp:featuredmedia":[{"embeddable":true,"href":"https:\/\/www.lab.eus\/es\/wp-json\/wp\/v2\/media\/68602"}],"wp:attachment":[{"href":"https:\/\/www.lab.eus\/es\/wp-json\/wp\/v2\/media?parent=68605"}],"wp:term":[{"taxonomy":"category","embeddable":true,"href":"https:\/\/www.lab.eus\/es\/wp-json\/wp\/v2\/categories?post=68605"},{"taxonomy":"post_tag","embeddable":true,"href":"https:\/\/www.lab.eus\/es\/wp-json\/wp\/v2\/tags?post=68605"}],"curies":[{"name":"wp","href":"https:\/\/api.w.org\/{rel}","templated":true}]}}