{"id":68589,"date":"2024-03-13T10:58:02","date_gmt":"2024-03-13T10:58:02","guid":{"rendered":"https:\/\/www.lab.eus\/?p=68589"},"modified":"2024-03-13T11:01:02","modified_gmt":"2024-03-13T11:01:02","slug":"el-comite-de-empresa-de-envases-convoca-una-manifestacion-en-ugao-el-16-de-marzo-en-defensa-del-empleo-y-en-contra-de-la-deslocalizacion","status":"publish","type":"post","link":"https:\/\/www.lab.eus\/es\/el-comite-de-empresa-de-envases-convoca-una-manifestacion-en-ugao-el-16-de-marzo-en-defensa-del-empleo-y-en-contra-de-la-deslocalizacion\/","title":{"rendered":"El comit\u00e9 de empresa de Envases convoca una manifestaci\u00f3n en Ugao el 16 de marzo en defensa del empleo y en contra de la deslocalizaci\u00f3n"},"content":{"rendered":"\n<p>El comit\u00e9 de empresa de Envases, empresa situada en Ugao que se enfrenta a un ERE que prev\u00e9 50 despidos en su centro de trabajo, ha comparecido en rueda de prensa para mostrar su rechazo al expediente y convocar una manifestaci\u00f3n, que se celebrar\u00e1 el pr\u00f3ximo 16 de marzo en Ugao y que partir\u00e1 a las 17:30 desde el Ayuntamiento de la localidad.<\/p>\n\n\n\n<p>Han se\u00f1alado que la empresa alega causas productivas y organizativas para el ERE, algo que rechazan rotundamente. Durante las cuatro reuniones celebradas se est\u00e1 evidenciando que lo que ocurre es que la avaricia de la multinacional no tiene l\u00edmites. Han indicado que la producci\u00f3n de la emprea no ha bajado, y que lo que existe es una decisi\u00f3n estrat\u00e9gica de vaciar la producci\u00f3n del centro de Ugao y trasladarla a los centros de trabajo de Le\u00f3n y de Holanda.<\/p>\n\n\n\n<p>Consideran que no est\u00e1n ante una falta de producci\u00f3n sino ante una deslocalizaci\u00f3n. As\u00ed, Envases, empresa con beneficios todos los a\u00f1os, decide que quiere ganar todavia m\u00e1s y para ello quiere despedir a 50 de trabajadores y trabajadoras, sin ning\u00fan miramiento y sin tener en consideraci\u00f3n ninguna a las personas.<\/p>\n\n\n\n<p>El comit\u00e9 de empresa hace una apuesta clara porque se siga produciendo en Ugao lo que hasta ahora se ha producido, y por el mantenimiento del empleo.<\/p>\n\n\n\n<p>Durante estas semanas han sido varios los apoyos que han recibido, y algunos de ellos han participado en la comparecencia. Entre estos, destacan comit\u00e9s de empresa de Hego Uribe y Aiaraldea como Megatech, Maderas de Llodio, DYF, Cartisa, Residencia Etxe Maitia, Acciona, Galletas Artiach, Cementos Lemona, Bilboko Argiak, Tubacex, Elis Arrigorriaga, Lavanindu &nbsp;o Dascor. Diferentes organismos sociales de la comarca tambi\u00e9n les han mostrado su apoyo. Se trata de Txarraska, Kiskali, Asociaci\u00f3n de Pensionistas Basauri, Elkarlaguntza Galdakao, Emahots talde feminista, Asociaci\u00f3n de Pensionistas de Ugao, Asociaci\u00f3n de Comerciantes de Ugao, Zizpa Gazte konpartsa, Momoak talde feminista o Ernai Galdakao. Tambi\u00e9n han recibido el apoyo del Ayuntamiento de Ugao, mediante una declaraci\u00f3n institucional.<\/p>\n\n\n\n<p>Todav\u00eda siguen recibiendo apoyos y adhesiones a la manifestaci\u00f3n que realizar\u00e1n el 16 de marzo a las 17:30 desde el Ayuntamiento de Ugao. Las reivindicaciones de esta convocatoria son apostar claramente por la continuidad de la producci\u00f3n de Envases en el Centro de trabajo de Ugao, la retirada del Expediente de Regulaci\u00f3n de Empleo y el mantenimiento del empleo en la empresa, en Ugao y en la comarca.<\/p>\n\n\n\n<p>Han solicitado a las instituciones la implicaci\u00f3n en el conflicto de Envases, pero tambi\u00e9n les han exigido pol\u00edticas que protejan a la clase trabajadora de caer en manos de empresas y multinacionales que adem\u00e1s de destruir empleo, est\u00e1n desindustrializando Euskal Herria.<\/p>\n","protected":false},"excerpt":{"rendered":"<p>El comit\u00e9 de empresa de Envases, empresa situada en Ugao que se enfrente a un ERE que prev\u00e9 50 despidos en su centro de trabajo, ha comparecido en rueda de prensa para mostrar su rechazo al expediente y convocar una manifestaci\u00f3n, que se celebrar\u00e1 el pr\u00f3ximo 16 de marzo en Ugao y que partir\u00e1 a las 17:30 desde el Ayuntamiento de la localidad.<\/p>\n","protected":false},"author":1191,"featured_media":68587,"comment_status":"closed","ping_status":"closed","sticky":false,"template":"","format":"standard","meta":{"_monsterinsights_skip_tracking":false,"_monsterinsights_sitenote_active":false,"_monsterinsights_sitenote_note":"","_monsterinsights_sitenote_category":0,"footnotes":"","_links_to":"","_links_to_target":""},"categories":[18,2867,2868],"tags":[3028,3178,3726,2980,2979],"class_list":{"0":"post-68589","1":"post","2":"type-post","3":"status-publish","4":"format-standard","5":"has-post-thumbnail","7":"category-es-accion-sindical","8":"category-federaciones","9":"category-industria-es","10":"tag-accion-sindical-2","11":"tag-destacado-1","12":"tag-envases","13":"tag-federaciones","14":"tag-industria-2"},"_links":{"self":[{"href":"https:\/\/www.lab.eus\/es\/wp-json\/wp\/v2\/posts\/68589","targetHints":{"allow":["GET"]}}],"collection":[{"href":"https:\/\/www.lab.eus\/es\/wp-json\/wp\/v2\/posts"}],"about":[{"href":"https:\/\/www.lab.eus\/es\/wp-json\/wp\/v2\/types\/post"}],"author":[{"embeddable":true,"href":"https:\/\/www.lab.eus\/es\/wp-json\/wp\/v2\/users\/1191"}],"replies":[{"embeddable":true,"href":"https:\/\/www.lab.eus\/es\/wp-json\/wp\/v2\/comments?post=68589"}],"version-history":[{"count":0,"href":"https:\/\/www.lab.eus\/es\/wp-json\/wp\/v2\/posts\/68589\/revisions"}],"wp:featuredmedia":[{"embeddable":true,"href":"https:\/\/www.lab.eus\/es\/wp-json\/wp\/v2\/media\/68587"}],"wp:attachment":[{"href":"https:\/\/www.lab.eus\/es\/wp-json\/wp\/v2\/media?parent=68589"}],"wp:term":[{"taxonomy":"category","embeddable":true,"href":"https:\/\/www.lab.eus\/es\/wp-json\/wp\/v2\/categories?post=68589"},{"taxonomy":"post_tag","embeddable":true,"href":"https:\/\/www.lab.eus\/es\/wp-json\/wp\/v2\/tags?post=68589"}],"curies":[{"name":"wp","href":"https:\/\/api.w.org\/{rel}","templated":true}]}}