{"id":68183,"date":"2024-03-01T13:48:44","date_gmt":"2024-03-01T13:48:44","guid":{"rendered":"https:\/\/www.lab.eus\/?p=68183"},"modified":"2024-03-04T13:53:00","modified_gmt":"2024-03-04T13:53:00","slug":"concentracion-sindical-frente-a-la-patronal-navarra-cen-por-un-convenio-propio-del-sector-de-quimicas-en-nafarroa","status":"publish","type":"post","link":"https:\/\/www.lab.eus\/es\/concentracion-sindical-frente-a-la-patronal-navarra-cen-por-un-convenio-propio-del-sector-de-quimicas-en-nafarroa\/","title":{"rendered":"Concentraci\u00f3n sindical frente a la Patronal navarra CEN por un convenio propio del sector de qu\u00edmicas en Nafarroa"},"content":{"rendered":"\n<p>En la movilizaci\u00f3n, realizada de forma conjunta con ELA, hemos se\u00f1alado que es hora de terminar con la estatalizaci\u00f3n y la precariedad que conlleva.<\/p>\n\n\n\n<p>Despu\u00e9s de varias reuniones para impulsar un Convenio de Qu\u00edmicas de Nafarroa, reivindicaci\u00f3n hist\u00f3rica de la clase trabajadora del sector, los sindicatos LAB y ELA alcanzamos un acuerdo para convocar a la patronal CEN con el objetivo de conocer su postura sobre la posibilidad de iniciar la negociaci\u00f3n del mismo. En esa reuni\u00f3n les informamos de adhesiones de diferentes Comit\u00e9s y delegados y delegadas de empresas, inclusive algunas de UGT.<\/p>\n\n\n\n<p>Cabe destacar que a las reuniones de la intersindical se convoc\u00f3 tambi\u00e9n a los sindicatos UGT y CCOO, que hicieron caso omiso a la invitaci\u00f3n para posteriormente salir p\u00fablicamente en contra de la reivindicaci\u00f3n de un convenio navarro de Qu\u00edmicas. Recordemos que en la CAPV s\u00ed que se unieron a la convocatoria intersindical y apoyan el Convenio Auton\u00f3mico para el sector.<\/p>\n\n\n\n<p>Tras varias reuniones mantenidas por LAB y ELA, desde la CEN no se comprometieron a iniciar la negociaci\u00f3n del nuevo convenio, \u201ccomprometi\u00e9ndose\u201d a un t\u00edmido testeo en diferentes empresas sin ni tan si quiera concretar los tiempos, aferr\u00e1ndose as\u00ed a las condiciones del convenio estatal: bajos salarios, largas jornadas y pocos derechos.<\/p>\n\n\n\n<p>En el d\u00eda de hoy LAB y ELA nos hemos concentrado frente a la sede de la CEN para que todas las partes, tanto la patronal como UGT y CCOO, respondan a la reivindicaci\u00f3n del sector. Que tengan claro que continuaremos trabajando para lograr que las condiciones de trabajo se negocien en Euskal Herria y por lo tanto, tambi\u00e9n en Nafarroa.<\/p>\n","protected":false},"excerpt":{"rendered":"<p>En la movilizaci\u00f3n, realizada de forma conjunta con ELA, hemos se\u00f1alado que es hora de terminar con la estatalizaci\u00f3n y la precariedad que conlleva.<\/p>\n","protected":false},"author":1191,"featured_media":68181,"comment_status":"closed","ping_status":"closed","sticky":false,"template":"","format":"standard","meta":{"_monsterinsights_skip_tracking":false,"_monsterinsights_sitenote_active":false,"_monsterinsights_sitenote_note":"","_monsterinsights_sitenote_category":0,"footnotes":"","_links_to":"","_links_to_target":""},"categories":[18,2867,2868,98],"tags":[3033,3178,2996,4555],"class_list":{"0":"post-68183","1":"post","2":"type-post","3":"status-publish","4":"format-standard","5":"has-post-thumbnail","7":"category-es-accion-sindical","8":"category-federaciones","9":"category-industria-es","10":"category-es-industria-quimica","11":"tag-accion-sindical-es","12":"tag-destacado-1","13":"tag-industria-es","14":"tag-quimica"},"_links":{"self":[{"href":"https:\/\/www.lab.eus\/es\/wp-json\/wp\/v2\/posts\/68183","targetHints":{"allow":["GET"]}}],"collection":[{"href":"https:\/\/www.lab.eus\/es\/wp-json\/wp\/v2\/posts"}],"about":[{"href":"https:\/\/www.lab.eus\/es\/wp-json\/wp\/v2\/types\/post"}],"author":[{"embeddable":true,"href":"https:\/\/www.lab.eus\/es\/wp-json\/wp\/v2\/users\/1191"}],"replies":[{"embeddable":true,"href":"https:\/\/www.lab.eus\/es\/wp-json\/wp\/v2\/comments?post=68183"}],"version-history":[{"count":0,"href":"https:\/\/www.lab.eus\/es\/wp-json\/wp\/v2\/posts\/68183\/revisions"}],"wp:featuredmedia":[{"embeddable":true,"href":"https:\/\/www.lab.eus\/es\/wp-json\/wp\/v2\/media\/68181"}],"wp:attachment":[{"href":"https:\/\/www.lab.eus\/es\/wp-json\/wp\/v2\/media?parent=68183"}],"wp:term":[{"taxonomy":"category","embeddable":true,"href":"https:\/\/www.lab.eus\/es\/wp-json\/wp\/v2\/categories?post=68183"},{"taxonomy":"post_tag","embeddable":true,"href":"https:\/\/www.lab.eus\/es\/wp-json\/wp\/v2\/tags?post=68183"}],"curies":[{"name":"wp","href":"https:\/\/api.w.org\/{rel}","templated":true}]}}