{"id":68139,"date":"2024-03-03T08:57:52","date_gmt":"2024-03-03T08:57:52","guid":{"rendered":"https:\/\/www.lab.eus\/?p=68139"},"modified":"2024-03-03T08:59:18","modified_gmt":"2024-03-03T08:59:18","slug":"la-implicacion-activa-de-las-instituciones-publicas-es-clave-para-que-mecaner-tenga-futuro","status":"publish","type":"post","link":"https:\/\/www.lab.eus\/es\/la-implicacion-activa-de-las-instituciones-publicas-es-clave-para-que-mecaner-tenga-futuro\/","title":{"rendered":"La implicaci\u00f3n activa de las instituciones p\u00fablicas es clave para que Mecaner tenga futuro"},"content":{"rendered":"\n<p>Ayer, cientos de personas se manifestaron en Urduliz, 6 meses despu\u00e9s de que Stellantis mostrara su intenci\u00f3n de cerrar Mecaner. Est\u00e1 siendo un camino duro. Los obst\u00e1culos y resistencias encontrados en el camino dificultan la apertura de nuevos escenarios.<\/p>\n\n\n\n<p>Ante quienes nos quieren condenar a aceptar el cierre, las y los trabajadores creamos un instrumento creamos, el plan de transici\u00f3n ecosocial, que nos permite no hablar del cierre de Mecaner, sino de su futuro.<\/p>\n\n\n\n<p>Y estamos dispuestos y dispuestas a luchar por ese futuro, por nuestro futuro y por el futuro de la comarca y de su industria. Un futuro que necesariamente tiene que ser socialmente m\u00e1s justo y ecol\u00f3gicamente m\u00e1s sostenible.<\/p>\n\n\n\n<p>Pero este camino no lo podemos recorrer sin la aportaci\u00f3n y participaci\u00f3n de las administraciones y de la sociedad. La implicaci\u00f3n activa de las instituciones p\u00fablicas es fundamental y nosotros y nosotras lo tenemos claro; la participaci\u00f3n p\u00fablica en la propiedad y en la gesti\u00f3n es la mayor garant\u00eda para el futuro de Mecaner.<\/p>\n\n\n\n<p>Desde LAB queremos agradecer a todos los ayuntamientos, agentes y ciudadan\u00eda que en este camino os hab\u00e9is unido a la defensa del empleo y a la lucha por el futuro.<\/p>\n\n\n\n<p>Sabemos que el presente y el futuro se ganan en la lucha, nuestros puestos de trabajo, la industria de Euskal Herria y los trabajos y vidas dignas de las y los trabajadores se ganan en la lucha, as\u00ed nos lo demostraron el 3 de marzo en Gasteiz.<\/p>\n","protected":false},"excerpt":{"rendered":"<p>Ayer, cientos de personas se manifestaron en Urduliz, 6 meses despu\u00e9s de que Stellantis mostrara su intenci\u00f3n de cerrar Mecaner. Est\u00e1 siendo un camino duro. Los obst\u00e1culos y resistencias encontrados en el camino dificultan la apertura de nuevos escenarios.<\/p>\n","protected":false},"author":1191,"featured_media":68137,"comment_status":"closed","ping_status":"closed","sticky":false,"template":"","format":"standard","meta":{"_monsterinsights_skip_tracking":false,"_monsterinsights_sitenote_active":false,"_monsterinsights_sitenote_note":"","_monsterinsights_sitenote_category":0,"footnotes":"","_links_to":"","_links_to_target":""},"categories":[18,2867,2868,108],"tags":[3033,3178,3066,2996,4217,3064],"class_list":{"0":"post-68139","1":"post","2":"type-post","3":"status-publish","4":"format-standard","5":"has-post-thumbnail","7":"category-es-accion-sindical","8":"category-federaciones","9":"category-industria-es","10":"category-es-metal","11":"tag-accion-sindical-es","12":"tag-destacado-1","13":"tag-federaciones-es","14":"tag-industria-es","15":"tag-mecaner","16":"tag-metal-es"},"_links":{"self":[{"href":"https:\/\/www.lab.eus\/es\/wp-json\/wp\/v2\/posts\/68139","targetHints":{"allow":["GET"]}}],"collection":[{"href":"https:\/\/www.lab.eus\/es\/wp-json\/wp\/v2\/posts"}],"about":[{"href":"https:\/\/www.lab.eus\/es\/wp-json\/wp\/v2\/types\/post"}],"author":[{"embeddable":true,"href":"https:\/\/www.lab.eus\/es\/wp-json\/wp\/v2\/users\/1191"}],"replies":[{"embeddable":true,"href":"https:\/\/www.lab.eus\/es\/wp-json\/wp\/v2\/comments?post=68139"}],"version-history":[{"count":0,"href":"https:\/\/www.lab.eus\/es\/wp-json\/wp\/v2\/posts\/68139\/revisions"}],"wp:featuredmedia":[{"embeddable":true,"href":"https:\/\/www.lab.eus\/es\/wp-json\/wp\/v2\/media\/68137"}],"wp:attachment":[{"href":"https:\/\/www.lab.eus\/es\/wp-json\/wp\/v2\/media?parent=68139"}],"wp:term":[{"taxonomy":"category","embeddable":true,"href":"https:\/\/www.lab.eus\/es\/wp-json\/wp\/v2\/categories?post=68139"},{"taxonomy":"post_tag","embeddable":true,"href":"https:\/\/www.lab.eus\/es\/wp-json\/wp\/v2\/tags?post=68139"}],"curies":[{"name":"wp","href":"https:\/\/api.w.org\/{rel}","templated":true}]}}