{"id":68028,"date":"2024-02-28T14:20:00","date_gmt":"2024-02-28T14:20:00","guid":{"rendered":"https:\/\/www.lab.eus\/?p=68028"},"modified":"2024-02-28T14:20:02","modified_gmt":"2024-02-28T14:20:02","slug":"hemos-denunciado-en-el-bec-lo-que-supone-el-modelo-amazon-en-la-vispera-de-las-jornadas-de-huelga","status":"publish","type":"post","link":"https:\/\/www.lab.eus\/es\/hemos-denunciado-en-el-bec-lo-que-supone-el-modelo-amazon-en-la-vispera-de-las-jornadas-de-huelga\/","title":{"rendered":"Hemos denunciado en el BEC lo que supone el modelo Amazon, en la v\u00edspera de las jornadas de huelga"},"content":{"rendered":"\n<p>Entre hoy y ma\u00f1ana, en el BEC de Barakaldo, se hablar\u00e1 sobre los modelos de empaquetado, distribuci\u00f3n y transporte. Se est\u00e1 definiendo el modelo de trabajo que genera la robotizaci\u00f3n, la digitalizaci\u00f3n y la automatizaci\u00f3n y ya tenemos el conocido icono en ese modelo: la multinacional Amazon. Una empresa que impone por la fuerza nuevos modelos de trabajo y se niega a negociar cualquier mejora.<\/p>\n\n\n\n<p>El centro log\u00edstico de Traparan se dedica al empaquetado por un lado y es, a su vez, punto de transporte y distribuci\u00f3n a traves de 5 empresas subcontratadas para ello. A\u00f1o tras a\u00f1o aumentan los beneficios mientras precarizan las condiciones de las y los trabajadores, su \u00fanico objetivo es seguir llenando sus bolsillos.<\/p>\n\n\n\n<p>Para dar servicio de un d\u00eda para otro la plantilla trabaja en turnos de noche. Les imponen ritmos asfixiantes, est\u00e1n constantemente bajo presi\u00f3n; y por si fuera poco, con mecanismos v\u00eda App las y los controlan constantemente. Adem\u00e1s, posibilita contratos temporales a trav\u00e9s de ETTs, profundizando en la precarizaci\u00f3n de estos y estas trabajadoras.<\/p>\n\n\n\n<p>Estas condiciones de trabajo atacan la salud. Con las huelgas que haremos ma\u00f1ana y pasado lucharemos por dignificar las condiciones laborales. Pero desgraciadamente el proceso de precarizaci\u00f3n est\u00e1 totalmente extendido en otros sectores y trabajos, y en estas condiciones no hay vida de calidad. Por eso saldremos a la calle el 17 de marzo en Sestao. Tomaremos las calles reivindicando que para tener vidas dignas hay que revertir la actual organizaci\u00f3n del empleo y la sociedad. Repartiendo el empleo, las tareas de cuidados y la riqueza, es decir, mediante el triple reparto, lucharemos por la Margen Izquierda y la Zona Minera de la clase trabajadora.<\/p>\n\n\n\n<figure class=\"wp-block-gallery has-nested-images columns-default is-cropped wp-block-gallery-1 is-layout-flex wp-block-gallery-is-layout-flex\">\n<figure class=\"wp-block-image size-large\"><img loading=\"lazy\" decoding=\"async\" width=\"1024\" height=\"768\" data-id=\"68026\" src=\"https:\/\/www.lab.eus\/wp-content\/uploads\/2024\/02\/12-1024x768.jpg\" alt=\"\" class=\"wp-image-68026\" srcset=\"https:\/\/www.lab.eus\/wp-content\/uploads\/2024\/02\/12-1024x768.jpg 1024w, https:\/\/www.lab.eus\/wp-content\/uploads\/2024\/02\/12-300x225.jpg 300w, https:\/\/www.lab.eus\/wp-content\/uploads\/2024\/02\/12-768x576.jpg 768w, https:\/\/www.lab.eus\/wp-content\/uploads\/2024\/02\/12-150x113.jpg 150w, https:\/\/www.lab.eus\/wp-content\/uploads\/2024\/02\/12-696x522.jpg 696w, https:\/\/www.lab.eus\/wp-content\/uploads\/2024\/02\/12-1068x801.jpg 1068w, https:\/\/www.lab.eus\/wp-content\/uploads\/2024\/02\/12.jpg 1280w\" sizes=\"auto, (max-width: 1024px) 100vw, 1024px\" \/><\/figure>\n\n\n\n<figure class=\"wp-block-image size-large\"><img loading=\"lazy\" decoding=\"async\" width=\"1024\" height=\"768\" data-id=\"68024\" src=\"https:\/\/www.lab.eus\/wp-content\/uploads\/2024\/02\/11-1024x768.jpg\" alt=\"\" class=\"wp-image-68024\" srcset=\"https:\/\/www.lab.eus\/wp-content\/uploads\/2024\/02\/11-1024x768.jpg 1024w, https:\/\/www.lab.eus\/wp-content\/uploads\/2024\/02\/11-300x225.jpg 300w, https:\/\/www.lab.eus\/wp-content\/uploads\/2024\/02\/11-768x576.jpg 768w, https:\/\/www.lab.eus\/wp-content\/uploads\/2024\/02\/11-150x113.jpg 150w, https:\/\/www.lab.eus\/wp-content\/uploads\/2024\/02\/11-696x522.jpg 696w, https:\/\/www.lab.eus\/wp-content\/uploads\/2024\/02\/11-1068x801.jpg 1068w, https:\/\/www.lab.eus\/wp-content\/uploads\/2024\/02\/11.jpg 1280w\" sizes=\"auto, (max-width: 1024px) 100vw, 1024px\" \/><\/figure>\n<\/figure>\n","protected":false},"excerpt":{"rendered":"<p>Entre hoy y ma\u00f1ana, en el BEC de Barakaldo, se hablar\u00e1 sobre los modelos de empaquetado, distribuci\u00f3n y transporte. Se est\u00e1 definiendo el modelo de trabajo que genera la robotizaci\u00f3n, la digitalizaci\u00f3n y la automatizaci\u00f3n y ya tenemos el conocido icono en ese modelo: la multinacional Amazon. Una empresa que impone por la fuerza nuevos modelos de trabajo y se niega a negociar cualquier mejora.<\/p>\n","protected":false},"author":1191,"featured_media":68022,"comment_status":"closed","ping_status":"closed","sticky":false,"template":"","format":"standard","meta":{"_monsterinsights_skip_tracking":false,"_monsterinsights_sitenote_active":false,"_monsterinsights_sitenote_note":"","_monsterinsights_sitenote_category":0,"footnotes":"","_links_to":"","_links_to_target":""},"categories":[18,2867,8],"tags":[3033,3178,3172],"class_list":{"0":"post-68028","1":"post","2":"type-post","3":"status-publish","4":"format-standard","5":"has-post-thumbnail","7":"category-es-accion-sindical","8":"category-federaciones","9":"category-es-servicios-privados","10":"tag-accion-sindical-es","11":"tag-destacado-1","12":"tag-servicios-privados-es"},"_links":{"self":[{"href":"https:\/\/www.lab.eus\/es\/wp-json\/wp\/v2\/posts\/68028","targetHints":{"allow":["GET"]}}],"collection":[{"href":"https:\/\/www.lab.eus\/es\/wp-json\/wp\/v2\/posts"}],"about":[{"href":"https:\/\/www.lab.eus\/es\/wp-json\/wp\/v2\/types\/post"}],"author":[{"embeddable":true,"href":"https:\/\/www.lab.eus\/es\/wp-json\/wp\/v2\/users\/1191"}],"replies":[{"embeddable":true,"href":"https:\/\/www.lab.eus\/es\/wp-json\/wp\/v2\/comments?post=68028"}],"version-history":[{"count":0,"href":"https:\/\/www.lab.eus\/es\/wp-json\/wp\/v2\/posts\/68028\/revisions"}],"wp:featuredmedia":[{"embeddable":true,"href":"https:\/\/www.lab.eus\/es\/wp-json\/wp\/v2\/media\/68022"}],"wp:attachment":[{"href":"https:\/\/www.lab.eus\/es\/wp-json\/wp\/v2\/media?parent=68028"}],"wp:term":[{"taxonomy":"category","embeddable":true,"href":"https:\/\/www.lab.eus\/es\/wp-json\/wp\/v2\/categories?post=68028"},{"taxonomy":"post_tag","embeddable":true,"href":"https:\/\/www.lab.eus\/es\/wp-json\/wp\/v2\/tags?post=68028"}],"curies":[{"name":"wp","href":"https:\/\/api.w.org\/{rel}","templated":true}]}}