{"id":67653,"date":"2024-02-16T08:43:46","date_gmt":"2024-02-16T08:43:46","guid":{"rendered":"https:\/\/www.lab.eus\/?p=67653"},"modified":"2024-02-16T08:43:48","modified_gmt":"2024-02-16T08:43:48","slug":"el-comite-de-empresa-de-mecaner-apuesta-por-propuestas-de-transicion-ecosocial-como-herramienta-que-puede-ayudar-a-evitar-el-cierre-de-la-fabrica","status":"publish","type":"post","link":"https:\/\/www.lab.eus\/es\/el-comite-de-empresa-de-mecaner-apuesta-por-propuestas-de-transicion-ecosocial-como-herramienta-que-puede-ayudar-a-evitar-el-cierre-de-la-fabrica\/","title":{"rendered":"El comit\u00e9 de empresa de Mecaner apuesta por propuestas de transici\u00f3n ecosocial como herramienta que puede ayudar a evitar el cierre de la f\u00e1brica"},"content":{"rendered":"\n<p>Trabajadores y trabajadoras de Mecaner, convocadas por el comit\u00e9 de empresa, han comparecido en Urduliz, a semanas del inicio del periodo de consultas y tras casi 6 meses del anuncio del cierre, para comunicar que durante los ultimos meses est\u00e1n viviendo en sus propias carnes la avaricia empresarial y las consecuencias de la amenaza de un cierre; fruto de uno de los problemas causados por la globalizaci\u00f3n econ\u00f3mica, la deslocalizaci\u00f3n. \u201cAlgo esta fallando o no se est\u00e1 haciendo bien cuando la situaci\u00f3n se repite una y otra vez\u201d, han se\u00f1alado.<\/p>\n\n\n\n<p>Consideran que es urgente poner freno a la forma de actuar de las multinacionales que se benefician de ayudas p\u00fablicas millonarias y posteriormente, sin ning\u00fan tipo de escr\u00fapulo ni arraigo, toman decisiones injustas como las de Mecaner. Es urgente activar mecanismos para que cuando esto suceda sea obligatorio devolver el dinero p\u00fablico del que se han beneficiado. y a la vez se pueda abordar una reconversi\u00f3n industrial bajo criterios de sostenibilidad ecol\u00f3gica y social asegurando el mantenimiento de los puestos de trabajo. Es urgente hacer pol\u00edticas industriales socialmente m\u00e1s justas y ecol\u00f3gicamente m\u00e1s sostenibles, poniendo en &nbsp;el centro a los trabajadores y trabajadoras por encima del capital. No se puede tolerar que empresas con beneficios puedan tomar este tipo de decisiones.<\/p>\n\n\n\n<p>La plantilla de Mecaner se ratifica en lo que se\u00f1al\u00f3 a principios de septiembre; no acepta el cierre de la planta y mucho menos las causas que alega el grupo para intentar justificar esta decisi\u00f3n. Al contrario, saben que Mecaner es una empresa viable y de futuro, asi lo avalan los 600.000 euros de beneficos obtenidos en le a\u00f1o 2022.<\/p>\n\n\n\n<p>Por ello, su compromiso, lucha y propuestas (elaboraci\u00f3n de un informe con solvencia t\u00e9cnica y propuestas de transici\u00f3n ecosocial como herramienta que puede ayudar a evitar el cierre de la f\u00e1brica) llevadas a cabo durante estos meses son una apuesta clara por el presente y el futuro de Mecaner, de la industria y de la comarca.<\/p>\n\n\n\n<p>Han se\u00f1alado que entran en una fase decisiva y que el tiempo se agota. \u201cEstamos en un escenario donde no vale pasar la pelota sin responsabilizarse mientras cientos de puestos de trabajo y el futuro de una comarca est\u00e1 en juego\u201d, han a\u00f1adido. \u201cLos gobiernos deben asumir responsabilidades, compromisos, y por ello les exigimos a que trabajen en la defensa de los puestos de trabajo y en defensa del empleo\u201d.<\/p>\n\n\n\n<p>Es hora de encender las alarmas, redoblar esfuerzos, pasar a los hechos y responder como pueblo para evitar el cierre de Mecaner. Por ello, hacen un llamamiento a la ciudadan\u00eda a participar en la manifestaci\u00f3n que ha convocado el comite de empresa el pr\u00f3ximo 2 de marzo (sabado) a las 17:00 desde el Ayuntamiento de Urduliz, por una industria con y de futuro.<\/p>\n","protected":false},"excerpt":{"rendered":"<p>Trabajadores y trabajadoras de Mecaner, convocadas por el comit\u00e9 de empresa, han comparecido en Urduliz, a semanas del inicio del periodo de consultas y tras casi 6 meses del anuncio del cierre, para comunicar que durante los ultimos meses est\u00e1n viviendo en sus propias carnes la avaricia empresarial y las consecuencias de la amenaza de un cierre; fruto de uno de los problemas causados por la globalizaci\u00f3n econ\u00f3mica, la deslocalizaci\u00f3n. \u201cAlgo esta fallando o no se est\u00e1 haciendo bien cuando la situaci\u00f3n se repite una y otra vez\u201d, han se\u00f1alado.<\/p>\n","protected":false},"author":1191,"featured_media":67650,"comment_status":"closed","ping_status":"closed","sticky":false,"template":"","format":"standard","meta":{"_monsterinsights_skip_tracking":false,"_monsterinsights_sitenote_active":false,"_monsterinsights_sitenote_note":"","_monsterinsights_sitenote_category":0,"footnotes":"","_links_to":"","_links_to_target":""},"categories":[18,2867,2868,108],"tags":[3033,3178,3066,2996,4217,3064],"class_list":{"0":"post-67653","1":"post","2":"type-post","3":"status-publish","4":"format-standard","5":"has-post-thumbnail","7":"category-es-accion-sindical","8":"category-federaciones","9":"category-industria-es","10":"category-es-metal","11":"tag-accion-sindical-es","12":"tag-destacado-1","13":"tag-federaciones-es","14":"tag-industria-es","15":"tag-mecaner","16":"tag-metal-es"},"_links":{"self":[{"href":"https:\/\/www.lab.eus\/es\/wp-json\/wp\/v2\/posts\/67653","targetHints":{"allow":["GET"]}}],"collection":[{"href":"https:\/\/www.lab.eus\/es\/wp-json\/wp\/v2\/posts"}],"about":[{"href":"https:\/\/www.lab.eus\/es\/wp-json\/wp\/v2\/types\/post"}],"author":[{"embeddable":true,"href":"https:\/\/www.lab.eus\/es\/wp-json\/wp\/v2\/users\/1191"}],"replies":[{"embeddable":true,"href":"https:\/\/www.lab.eus\/es\/wp-json\/wp\/v2\/comments?post=67653"}],"version-history":[{"count":0,"href":"https:\/\/www.lab.eus\/es\/wp-json\/wp\/v2\/posts\/67653\/revisions"}],"wp:featuredmedia":[{"embeddable":true,"href":"https:\/\/www.lab.eus\/es\/wp-json\/wp\/v2\/media\/67650"}],"wp:attachment":[{"href":"https:\/\/www.lab.eus\/es\/wp-json\/wp\/v2\/media?parent=67653"}],"wp:term":[{"taxonomy":"category","embeddable":true,"href":"https:\/\/www.lab.eus\/es\/wp-json\/wp\/v2\/categories?post=67653"},{"taxonomy":"post_tag","embeddable":true,"href":"https:\/\/www.lab.eus\/es\/wp-json\/wp\/v2\/tags?post=67653"}],"curies":[{"name":"wp","href":"https:\/\/api.w.org\/{rel}","templated":true}]}}