{"id":67639,"date":"2024-02-15T15:16:18","date_gmt":"2024-02-15T15:16:18","guid":{"rendered":"https:\/\/www.lab.eus\/?p=67639"},"modified":"2024-02-15T15:23:57","modified_gmt":"2024-02-15T15:23:57","slug":"la-plantilla-de-natra-onati-prolonga-las-huelgas-ante-la-cerrazon-de-la-direccion-y-para-romper-el-bloqueo-en-la-negociacion-del-convenio","status":"publish","type":"post","link":"https:\/\/www.lab.eus\/es\/la-plantilla-de-natra-onati-prolonga-las-huelgas-ante-la-cerrazon-de-la-direccion-y-para-romper-el-bloqueo-en-la-negociacion-del-convenio\/","title":{"rendered":"La plantilla de Natra O\u00f1ati prolonga las huelgas ante la cerraz\u00f3n de la direcci\u00f3n y para romper el bloqueo en la negociaci\u00f3n del convenio"},"content":{"rendered":"\n<p>En la asamblea celebrada el 15 de febrero de 2024, las y los trabajadores de Natra O\u00f1ati se suman a la propuesta de movilizaci\u00f3n presentada por el comit\u00e9 de empresa con 223 votos afirmativos, 4 negativos, y 3 blancos. Por lo que, con el apoyo del 97% de la plantilla, responder\u00e1n al bloqueo de la empresa con las siguientes huelgas.<\/p>\n\n\n\n<p>Del 19 al 23 de febrero, del 26 de febrero al 1 de marzo y del 4 al 8 de marzo. De 02:00 a 06:00, de 09:00 a 13:00 y de 16:00 a 20:00.<\/p>\n\n\n\n<p>9 y 10 de marzo. De 02:00 a 06:00, de 10:00 a 14:00 y de 18:00 a 22:00.<\/p>\n\n\n\n<p>Del 11 al 15 de marzo. De 02:00 a 06:00, de 09:00 a 13:00 y de 16:00 a 20:00.<\/p>\n\n\n\n<p>16 y 17 de marzo. De 02:00 a 06:00, de 10:00 a 14:00 y de 18:00 a 22:00.<\/p>\n\n\n\n<p>Del 18 al 22 de marzo. De 02:00 a 06:00, de 09:00 a 13:00 y de 16:00 a 20:00.<\/p>\n\n\n\n<p>23 y 24 de marzo. De 02:00 a 06:00, de 10:00 a 14:00 y de 18:00 a 22:00.<\/p>\n\n\n\n<p>Junto con los paros, llevar\u00e1n a cabo una serie de movilizaciones, entre las cuales est\u00e1 la convocatoria de una manifestaci\u00f3n para el d\u00eda 24 de febrero (s\u00e1bado), que partir\u00e1 a las 12:00 desde la plaza de O\u00f1ati.<\/p>\n\n\n\n<p>Desde LAB queremos denunciar el comportamiento de la empresa. Nos quieren implantar la jornada a cuatro turnos durante todo el a\u00f1o. Y ante la negativa del comit\u00e9 a firmar esta medida que deteriora nuestra salud laboral, la empresa se niega a seguir negociando. Pretenden utilizar el contrato de relevo como chantaje y se niegan a blindar el convenio contra las reformas laborales. Exigimos la actualizaci\u00f3n de salarios y de categor\u00edas, limitar los contratos fijos discontinuos, y dignificar las condiciones del 4\u00ba turno.<\/p>\n\n\n\n<p>Desde LAB queremos subrayar que no vamos a aceptar ning\u00fan retroceso en el convenio. Queremos un acuerdo, pero no vamos a permitir el empeoramiento de las condiciones laborales.<\/p>\n","protected":false},"excerpt":{"rendered":"<p>En la asamblea celebrada el 15 de febrero de 2024, las y los trabajadores de Natra O\u00f1ati se suman a la propuesta de movilizaci\u00f3n presentada por el comit\u00e9 de empresa con 223 votos afirmativos, 4 negativos, y 3 blancos. Por lo que, con el apoyo del 97% de la plantilla, responder\u00e1n al bloqueo de la empresa con las siguientes huelgas.<\/p>\n","protected":false},"author":1191,"featured_media":67642,"comment_status":"closed","ping_status":"closed","sticky":false,"template":"","format":"standard","meta":{"_monsterinsights_skip_tracking":false,"_monsterinsights_sitenote_active":false,"_monsterinsights_sitenote_note":"","_monsterinsights_sitenote_category":0,"footnotes":"","_links_to":"","_links_to_target":""},"categories":[18,2867,2868],"tags":[3033,3178,3066,2996,4502],"class_list":{"0":"post-67639","1":"post","2":"type-post","3":"status-publish","4":"format-standard","5":"has-post-thumbnail","7":"category-es-accion-sindical","8":"category-federaciones","9":"category-industria-es","10":"tag-accion-sindical-es","11":"tag-destacado-1","12":"tag-federaciones-es","13":"tag-industria-es","14":"tag-natra"},"_links":{"self":[{"href":"https:\/\/www.lab.eus\/es\/wp-json\/wp\/v2\/posts\/67639","targetHints":{"allow":["GET"]}}],"collection":[{"href":"https:\/\/www.lab.eus\/es\/wp-json\/wp\/v2\/posts"}],"about":[{"href":"https:\/\/www.lab.eus\/es\/wp-json\/wp\/v2\/types\/post"}],"author":[{"embeddable":true,"href":"https:\/\/www.lab.eus\/es\/wp-json\/wp\/v2\/users\/1191"}],"replies":[{"embeddable":true,"href":"https:\/\/www.lab.eus\/es\/wp-json\/wp\/v2\/comments?post=67639"}],"version-history":[{"count":0,"href":"https:\/\/www.lab.eus\/es\/wp-json\/wp\/v2\/posts\/67639\/revisions"}],"wp:featuredmedia":[{"embeddable":true,"href":"https:\/\/www.lab.eus\/es\/wp-json\/wp\/v2\/media\/67642"}],"wp:attachment":[{"href":"https:\/\/www.lab.eus\/es\/wp-json\/wp\/v2\/media?parent=67639"}],"wp:term":[{"taxonomy":"category","embeddable":true,"href":"https:\/\/www.lab.eus\/es\/wp-json\/wp\/v2\/categories?post=67639"},{"taxonomy":"post_tag","embeddable":true,"href":"https:\/\/www.lab.eus\/es\/wp-json\/wp\/v2\/tags?post=67639"}],"curies":[{"name":"wp","href":"https:\/\/api.w.org\/{rel}","templated":true}]}}