{"id":67598,"date":"2024-02-14T12:06:09","date_gmt":"2024-02-14T12:06:09","guid":{"rendered":"https:\/\/www.lab.eus\/?p=67598"},"modified":"2024-02-14T12:06:20","modified_gmt":"2024-02-14T12:06:20","slug":"denunciamos-que-la-planta-de-tmb-arraiz-vuelve-a-caerse-a-trozos","status":"publish","type":"post","link":"https:\/\/www.lab.eus\/es\/denunciamos-que-la-planta-de-tmb-arraiz-vuelve-a-caerse-a-trozos\/","title":{"rendered":"Denunciamos que la planta de TMB Arraiz vuelve a caerse a trozos"},"content":{"rendered":"\n<p>Una vez m\u00e1s, el pasado 8 de febrero otro muro y parte de la fachada de la empresa TMB Arraiz se cayeron, apareciendo trozos de la propia fachada en la empresa Zabalgarbi que se encuentra en las inmediaciones. TMB Arraiz es responsable del tratamiento de residuos de Bizkaia, y pertenece a la Diputaci\u00f3n Foral de Bizkaia y a Garbiker.<\/p>\n\n\n\n<p>Debido al temporal del pasado 8 de febrero de 2024, parte del techo de hojalata sali\u00f3 volando y un muro interior de cemento se desplom\u00f3, quedando un segundo biofiltro al aire libre. Este dispositivo elimina una amplia gama de compuestos contaminantes desde una corriente de flu\u00eddo (aire o agua) mediante un proceso biol\u00f3gico, y es lo que evita que estos salgan al exterior. El sindicato LAB denuncia que la empresa no inform\u00f3 en ning\u00fan momento al comit\u00e9 de prevenci\u00f3n de los hechos y no fue hasta el sabado 10 de febrero que el comit\u00e9 de prevenci\u00f3n se enter\u00f3 por la propia plantilla. El lunes 12 de febrero el sindicato LAB llam\u00f3 a Osalan y a la inspecci\u00f3n de trabajo para que se personaran de manera urgente en el lugar y abrieran atestado. Denuncian que nadie les ha asegurado que la seguridad ambiental no se vaya a ver comprometida y que ambas administraciones se lavaron las manos, no person\u00e1ndose ninguna de ellas en el lugar.<\/p>\n\n\n\n<p>El Comit\u00e9 de Empresa llevaba tiempo se\u00f1alando la situaci\u00f3n de las instalaciones y el riesgo de que algo as\u00ed sucediera en distintas reuniones de Prevenci\u00f3n de Riesgos Laborales, y las personas delegadas de LAB ven\u00edan reclamando un mantenimiento preventivo de la instalaci\u00f3n y maquinaria. En este sentido, el pasado 18 de octubre, el sindicato LAB, junto con el Comit\u00e9 de Empresa, solicitaba una reuni\u00f3n a Elixabete Etxanobe, Diputada General de Bizkaia, con la intenci\u00f3n de hablar del deplorable estado de la planta de tratamiento, solicitud que el sindicato LAB volv\u00eda a hacer el mismo lunes 12 de febrero de manera urgente sin obtener ninguna respuesta. La Diputaci\u00f3n Foral de Bizkaia no ha tomado medidas desde que el pasado 8 de noviembre se cayera un muro de cemento de 50x10m.<\/p>\n\n\n\n<p>La representaci\u00f3n de los y las trabajadoras insta a la Diputaci\u00f3n, como responsable directo de este servicio, a facilitar una reuni\u00f3n de manera urgente y a adoptar las medidas necesarias para que esto no vuelva a ocurrir.<\/p>\n","protected":false},"excerpt":{"rendered":"<p>Una vez m\u00e1s, el pasado 8 de febrero otro muro y parte de la fachada de la empresa TMB Arraiz se cayeron, apareciendo trozos de la propia fachada en la empresa Zabalgarbi que se encuentra en las inmediaciones. TMB Arraiz es responsable del tratamiento de residuos de Bizkaia, y pertenece a la Diputaci\u00f3n Foral de Bizkaia y a Garbiker.<\/p>\n","protected":false},"author":1191,"featured_media":67596,"comment_status":"closed","ping_status":"closed","sticky":false,"template":"","format":"standard","meta":{"_monsterinsights_skip_tracking":false,"_monsterinsights_sitenote_active":false,"_monsterinsights_sitenote_note":"","_monsterinsights_sitenote_category":0,"footnotes":"","_links_to":"","_links_to_target":""},"categories":[18,2867,8],"tags":[3028,3033,3925,3178,3080,3172,4346],"class_list":{"0":"post-67598","1":"post","2":"type-post","3":"status-publish","4":"format-standard","5":"has-post-thumbnail","7":"category-es-accion-sindical","8":"category-federaciones","9":"category-es-servicios-privados","10":"tag-accion-sindical-2","11":"tag-accion-sindical-es","12":"tag-destacado-1-3","13":"tag-destacado-1","14":"tag-servicios-privados","15":"tag-servicios-privados-es","16":"tag-tmb-arraiz"},"_links":{"self":[{"href":"https:\/\/www.lab.eus\/es\/wp-json\/wp\/v2\/posts\/67598","targetHints":{"allow":["GET"]}}],"collection":[{"href":"https:\/\/www.lab.eus\/es\/wp-json\/wp\/v2\/posts"}],"about":[{"href":"https:\/\/www.lab.eus\/es\/wp-json\/wp\/v2\/types\/post"}],"author":[{"embeddable":true,"href":"https:\/\/www.lab.eus\/es\/wp-json\/wp\/v2\/users\/1191"}],"replies":[{"embeddable":true,"href":"https:\/\/www.lab.eus\/es\/wp-json\/wp\/v2\/comments?post=67598"}],"version-history":[{"count":0,"href":"https:\/\/www.lab.eus\/es\/wp-json\/wp\/v2\/posts\/67598\/revisions"}],"wp:featuredmedia":[{"embeddable":true,"href":"https:\/\/www.lab.eus\/es\/wp-json\/wp\/v2\/media\/67596"}],"wp:attachment":[{"href":"https:\/\/www.lab.eus\/es\/wp-json\/wp\/v2\/media?parent=67598"}],"wp:term":[{"taxonomy":"category","embeddable":true,"href":"https:\/\/www.lab.eus\/es\/wp-json\/wp\/v2\/categories?post=67598"},{"taxonomy":"post_tag","embeddable":true,"href":"https:\/\/www.lab.eus\/es\/wp-json\/wp\/v2\/tags?post=67598"}],"curies":[{"name":"wp","href":"https:\/\/api.w.org\/{rel}","templated":true}]}}