{"id":67591,"date":"2024-02-14T11:12:45","date_gmt":"2024-02-14T11:12:45","guid":{"rendered":"https:\/\/www.lab.eus\/?p=67591"},"modified":"2024-02-14T11:12:48","modified_gmt":"2024-02-14T11:12:48","slug":"garbine-aranburu-la-patronal-incumple-la-legislacion-en-materia-de-prevencion-y-queda-impune-aunque-esa-irresponsabilidad-genere-muerte-y-enfermedad-para-las-y-los-trabajadores","status":"publish","type":"post","link":"https:\/\/www.lab.eus\/es\/garbine-aranburu-la-patronal-incumple-la-legislacion-en-materia-de-prevencion-y-queda-impune-aunque-esa-irresponsabilidad-genere-muerte-y-enfermedad-para-las-y-los-trabajadores\/","title":{"rendered":"Garbi\u00f1e Aranburu: \u201cLa patronal incumple la legislaci\u00f3n en materia de prevenci\u00f3n y queda impune, aunque esa irresponsabilidad genere muerte y enfermedad para las y los trabajadores\u201d"},"content":{"rendered":"\n<p>Los sindicatos LAB, ESK, STEILAS, EHNE-Etxalde e HIRU se han movilizado hoy en Bilbo desde la sede del Gobierno Vasco a la de Confebask con el lema \u201cLas patronales e instituciones nos enferman y nos matan\u201d. A la misma ha acudido la coordinadora general de LAB Garbi\u00f1e Aranburu y ha se\u00f1alado que la salud laboral de las y los trabajadores est\u00e1 empeorando. Recordando las 14 muertes que ha habido en Euskal Herria desde inicio de a\u00f1o, ha se\u00f1alando que este comienzo de a\u00f1o est\u00e1 siendo muy duro: \u201cesto no es algo puntual, es el indicador m\u00e1s crudo de una tendencia que no se revierte\u201d.<\/p>\n\n\n\n<p>Tambi\u00e9n ha hablado sobre el cambio que est\u00e1 habiendo en el modelo productivo. As\u00ed, ha recordado cada vez m\u00e1s trabajadoras y trabajadores trabajan en los servicios y cada vez menos en los sectores donde m\u00e1s accidentes se acumulan, pero el n\u00famero de accidentes no disminuye.<\/p>\n\n\n\n<p>Ha destacado que a la hora de atender la salud laboral no se tiene en cuenta la variable del g\u00e9nero. Ha se\u00f1alado que hay una estrategia clara para ocultar las enfermedades profesionales y hay que recordar que la Organizaci\u00f3n Mundial de la Salud estima que entre el 30% y el 40% de los c\u00e1nceres son causados por el trabajo. \u201cLos riesgos psicosociales creados o incrementados por la precarizaci\u00f3n del empleo, los altos ritmos de trabajo, las brechas de g\u00e9nero, los bajos salarios, etc. no se tienen en cuenta\u201d, ha a\u00f1adido Aranburu.<\/p>\n\n\n\n<p>Est\u00e1 demostrado que estas p\u00e9rdidas de salud se pueden evitar. Para ello hay que poner freno a la precariedad y mejorar la formaci\u00f3n. Pero sobre todo cuando hablamos de la salud laboral, hay que poner el foco en las medidas de prevenci\u00f3n.<\/p>\n\n\n\n<p>Ha destacado que, en materia de salud laboral ocurre algo \u201cque es impensable en otros \u00e1mbitos de la vida, la patronal incumple la legislaci\u00f3n y no pasa nada, queda impune y esa irresponsabilidad provoca la muerte y las enfermedades de las y los trabajadores\u201d.<\/p>\n\n\n\n<p>La responsable de LAB tambi\u00e9n ha puesto el foco en los responsables de esta situaci\u00f3n, ya que todo esto ocurre con la complicidad institucional. \u201cLa impunidad patronal viene de la mano de los Gobiernos. Para no perjudicar los intereses de la patronal, las instituciones est\u00e1n aceptando la violencia contra las y los trabajadores y que estas y estos mueran en el trabajo y enfermen\u201d.<\/p>\n\n\n\n<p>Ha destacado que la patronal prima los beneficios, a\u00f1adiendo que poco les importa la vida y la salud de los y las trabajadoras. \u201cAnte este derramamiento de sangre, la patronal, sin escr\u00fapulo alguno y sin m\u00e1s preocupaci\u00f3n que la cartera, saca el tema del absentismo. Le preocupan las bajas de los trabajadores y trabajadoras, mostrando, una vez m\u00e1s, una visi\u00f3n totalmente productivista. Lanzan mensajes para generar una opini\u00f3n p\u00fablica y hacen uso de las mutuas para reincorporar al trabajo a trabajadores y trabajadoras que no est\u00e1n plenamente recuperadas\u201d, ha subrayado.<\/p>\n\n\n\n<p>Para finalizar, ha se\u00f1alado que los sindicatos que se han movilizado hoy seguir\u00e1n trabajando de forma conjunta:<\/p>\n\n\n\n<p>\u2022 Moviliz\u00e1ndose, denunciando la situaci\u00f3n y se\u00f1alando a los responsables.<\/p>\n\n\n\n<p>\u2022 Reforzando la lucha contra la precariedad y por la salud laboral.<\/p>\n\n\n\n<p>\u2022 Oponi\u00e9ndose a la privatizaci\u00f3n de la sanidad, defendiendo un sistema p\u00fablico de salud potente y reforzando la oposici\u00f3n de las mutuas.<\/p>\n\n\n\n<figure class=\"wp-block-gallery has-nested-images columns-default is-cropped wp-block-gallery-1 is-layout-flex wp-block-gallery-is-layout-flex\">\n<figure class=\"wp-block-image size-large\"><img loading=\"lazy\" decoding=\"async\" width=\"1024\" height=\"802\" data-id=\"67589\" src=\"https:\/\/www.lab.eus\/wp-content\/uploads\/2024\/02\/2024-02-14-Lan-osasuna_4-1024x802.jpg\" alt=\"\" class=\"wp-image-67589\" srcset=\"https:\/\/www.lab.eus\/wp-content\/uploads\/2024\/02\/2024-02-14-Lan-osasuna_4-1024x802.jpg 1024w, https:\/\/www.lab.eus\/wp-content\/uploads\/2024\/02\/2024-02-14-Lan-osasuna_4-300x235.jpg 300w, https:\/\/www.lab.eus\/wp-content\/uploads\/2024\/02\/2024-02-14-Lan-osasuna_4-768x601.jpg 768w, https:\/\/www.lab.eus\/wp-content\/uploads\/2024\/02\/2024-02-14-Lan-osasuna_4-150x117.jpg 150w, https:\/\/www.lab.eus\/wp-content\/uploads\/2024\/02\/2024-02-14-Lan-osasuna_4-696x545.jpg 696w, https:\/\/www.lab.eus\/wp-content\/uploads\/2024\/02\/2024-02-14-Lan-osasuna_4-1068x836.jpg 1068w, https:\/\/www.lab.eus\/wp-content\/uploads\/2024\/02\/2024-02-14-Lan-osasuna_4.jpg 1280w\" sizes=\"auto, (max-width: 1024px) 100vw, 1024px\" \/><\/figure>\n\n\n\n<figure class=\"wp-block-image size-large\"><img loading=\"lazy\" decoding=\"async\" width=\"1024\" height=\"576\" data-id=\"67587\" src=\"https:\/\/www.lab.eus\/wp-content\/uploads\/2024\/02\/2024-02-14-Lan-osasuna_3-1024x576.jpg\" alt=\"\" class=\"wp-image-67587\" srcset=\"https:\/\/www.lab.eus\/wp-content\/uploads\/2024\/02\/2024-02-14-Lan-osasuna_3-1024x576.jpg 1024w, https:\/\/www.lab.eus\/wp-content\/uploads\/2024\/02\/2024-02-14-Lan-osasuna_3-300x169.jpg 300w, https:\/\/www.lab.eus\/wp-content\/uploads\/2024\/02\/2024-02-14-Lan-osasuna_3-768x432.jpg 768w, https:\/\/www.lab.eus\/wp-content\/uploads\/2024\/02\/2024-02-14-Lan-osasuna_3-150x84.jpg 150w, https:\/\/www.lab.eus\/wp-content\/uploads\/2024\/02\/2024-02-14-Lan-osasuna_3-696x392.jpg 696w, https:\/\/www.lab.eus\/wp-content\/uploads\/2024\/02\/2024-02-14-Lan-osasuna_3-1068x601.jpg 1068w, https:\/\/www.lab.eus\/wp-content\/uploads\/2024\/02\/2024-02-14-Lan-osasuna_3.jpg 1280w\" sizes=\"auto, (max-width: 1024px) 100vw, 1024px\" \/><\/figure>\n\n\n\n<figure class=\"wp-block-image size-large\"><img loading=\"lazy\" decoding=\"async\" width=\"1024\" height=\"576\" data-id=\"67585\" src=\"https:\/\/www.lab.eus\/wp-content\/uploads\/2024\/02\/2024-02-14-Lan-osasuna_2-1024x576.jpg\" alt=\"\" class=\"wp-image-67585\" srcset=\"https:\/\/www.lab.eus\/wp-content\/uploads\/2024\/02\/2024-02-14-Lan-osasuna_2-1024x576.jpg 1024w, https:\/\/www.lab.eus\/wp-content\/uploads\/2024\/02\/2024-02-14-Lan-osasuna_2-300x169.jpg 300w, https:\/\/www.lab.eus\/wp-content\/uploads\/2024\/02\/2024-02-14-Lan-osasuna_2-768x432.jpg 768w, https:\/\/www.lab.eus\/wp-content\/uploads\/2024\/02\/2024-02-14-Lan-osasuna_2-150x84.jpg 150w, https:\/\/www.lab.eus\/wp-content\/uploads\/2024\/02\/2024-02-14-Lan-osasuna_2-696x392.jpg 696w, https:\/\/www.lab.eus\/wp-content\/uploads\/2024\/02\/2024-02-14-Lan-osasuna_2-1068x601.jpg 1068w, https:\/\/www.lab.eus\/wp-content\/uploads\/2024\/02\/2024-02-14-Lan-osasuna_2.jpg 1280w\" sizes=\"auto, (max-width: 1024px) 100vw, 1024px\" \/><\/figure>\n<\/figure>\n","protected":false},"excerpt":{"rendered":"<p>Los sindicatos LAB, ESK, STEILAS, EHNE-Etxalde e HIRU se han movilizado hoy en Bilbo desde la sede del Gobierno Vasco a la de Confebask con el lema \u201cLas patronales e instituciones nos enferman y nos matan\u201d. A la misma ha acudido la coordinadora general de LAB Garbi\u00f1e Aranburu y ha se\u00f1alado que la salud laboral de las y los trabajadores est\u00e1 empeorando. Recordando las 14 muertes que ha habido en Euskal Herria desde inicio de a\u00f1o, ha se\u00f1alando que este comienzo de a\u00f1o est\u00e1 siendo muy duro: \u201cesto no es algo puntual, es el indicador m\u00e1s crudo de una tendencia que no se revierte\u201d.<\/p>\n","protected":false},"author":1191,"featured_media":67583,"comment_status":"closed","ping_status":"closed","sticky":false,"template":"","format":"standard","meta":{"_monsterinsights_skip_tracking":false,"_monsterinsights_sitenote_active":false,"_monsterinsights_sitenote_note":"","_monsterinsights_sitenote_category":0,"footnotes":"","_links_to":"","_links_to_target":""},"categories":[18,15,2973],"tags":[3033,3279,3083],"class_list":{"0":"post-67591","1":"post","2":"type-post","3":"status-publish","4":"format-standard","5":"has-post-thumbnail","7":"category-es-accion-sindical","8":"category-es-salud-laboral","9":"category-secretarias","10":"tag-accion-sindical-es","11":"tag-portada-es","12":"tag-salud-laboral-es"},"_links":{"self":[{"href":"https:\/\/www.lab.eus\/es\/wp-json\/wp\/v2\/posts\/67591","targetHints":{"allow":["GET"]}}],"collection":[{"href":"https:\/\/www.lab.eus\/es\/wp-json\/wp\/v2\/posts"}],"about":[{"href":"https:\/\/www.lab.eus\/es\/wp-json\/wp\/v2\/types\/post"}],"author":[{"embeddable":true,"href":"https:\/\/www.lab.eus\/es\/wp-json\/wp\/v2\/users\/1191"}],"replies":[{"embeddable":true,"href":"https:\/\/www.lab.eus\/es\/wp-json\/wp\/v2\/comments?post=67591"}],"version-history":[{"count":0,"href":"https:\/\/www.lab.eus\/es\/wp-json\/wp\/v2\/posts\/67591\/revisions"}],"wp:featuredmedia":[{"embeddable":true,"href":"https:\/\/www.lab.eus\/es\/wp-json\/wp\/v2\/media\/67583"}],"wp:attachment":[{"href":"https:\/\/www.lab.eus\/es\/wp-json\/wp\/v2\/media?parent=67591"}],"wp:term":[{"taxonomy":"category","embeddable":true,"href":"https:\/\/www.lab.eus\/es\/wp-json\/wp\/v2\/categories?post=67591"},{"taxonomy":"post_tag","embeddable":true,"href":"https:\/\/www.lab.eus\/es\/wp-json\/wp\/v2\/tags?post=67591"}],"curies":[{"name":"wp","href":"https:\/\/api.w.org\/{rel}","templated":true}]}}