{"id":67444,"date":"2024-02-08T09:11:39","date_gmt":"2024-02-08T09:11:39","guid":{"rendered":"https:\/\/www.lab.eus\/?p=67444"},"modified":"2024-02-08T09:11:41","modified_gmt":"2024-02-08T09:11:41","slug":"nos-hemos-concentrado-para-denunciar-la-privatizacion-de-los-almacenes-de-osakidetza","status":"publish","type":"post","link":"https:\/\/www.lab.eus\/es\/nos-hemos-concentrado-para-denunciar-la-privatizacion-de-los-almacenes-de-osakidetza\/","title":{"rendered":"Nos hemos concentrado para denunciar la privatizaci\u00f3n de los almacenes de Osakidetza"},"content":{"rendered":"\n<p>Se van a destinar un total de 129 millones de euros de dinero p\u00fablico a financiar la actividad de empresas privadas y se van a destruir puestos de trabajo en Osakidetza. As\u00ed, coincidiendo con la convocatoria de reuni\u00f3n de la Mesa Sectorial de Sanidad, los sindicatos LAB, ELA, CCOO, UGT y ESK hemos realizado en el d\u00eda de hoy una concentraci\u00f3n frente a las oficinas centrales de Osakidetza para denunciar el proyecto de privatizaci\u00f3n de los almacenes.<\/p>\n\n\n\n<p>La Consejera Sagardui anunciaba a bombo y platillo en abril del a\u00f1o pasado la construcci\u00f3n de una plataforma log\u00edstica en la antigua sede de EITB, en Iurreta, que va a absorber gran parte de la actividad que a d\u00eda de hoy se desarrolla en los almacenes de Osakidetza; almacenes de titularidad p\u00fablica gestionados por empleadas y\u00a0 empleados p\u00fablicos.<\/p>\n\n\n\n<p>A pesar de los eufemismos utilizados por el Departamento de Salud, estamos ante una nueva privatizaci\u00f3n de un servicio p\u00fablico en beneficio de intereses privados que, adem\u00e1s de suponer la derivaci\u00f3n de millones de euros de dinero p\u00fablico a manos privadas, va a suponer tambi\u00e9n la destrucci\u00f3n de puestos de trabajo en Osakidetza. As\u00ed, el pasado d\u00eda 23 de enero, el Departamento de Salud oficializaba su proyecto mediante la publicaci\u00f3n de la licitaci\u00f3n, que asciende a un total de 129 millones de euros de dinero p\u00fablico.<\/p>\n\n\n\n<p>En este sentido, cabe recordar que, en el a\u00f1o 2023, el Departamento de Salud destin\u00f3 un total de 269 millones de euros a sufragar los diferentes servicios que tiene privatizados, lo que supone un incremento del 9% respecto al a\u00f1o anterior. La privatizaci\u00f3n planteada ahora supone dar un paso m\u00e1s en esa apuesta de privatizar lo p\u00fablico y de enriquecer al sector privado a costa del dinero de todos y todas. A nadie se le escapa que, a la vista de la precaria situaci\u00f3n que atraviesa Osakidetza, la inversi\u00f3n directa de esas cantidades supondr\u00eda una mejora sustancial tanto en las condiciones de trabajo de la plantilla, como en la calidad del servicio que se presta a la ciudadan\u00eda.<\/p>\n\n\n\n<p>En los almacenes de Osakidetza trabajan un total de 180 personas. Hoy por hoy, el futuro de estas 180 personas queda en el aire, especialmente el del personal temporal. Hace unos meses la Consejera Sagardui afirmaba que no se iba a destruir ning\u00fan puesto de trabajo. Tras esa afirmaci\u00f3n pretend\u00eda ocultar la verdadera realidad: se decretar\u00e1 la finalizaci\u00f3n de muchos nombramientos temporales y se recolocar\u00e1 al personal fijo en otros servicios, ya que tienen derecho a ello. En un \u00e1mbito en el que m\u00e1s de la mitad de la plantilla es temporal, el riesgo de p\u00e9rdida de empleo es evidente.<\/p>\n\n\n\n<p>Los sindicatos LAB, ELA, CCOO, UGT y ESK exigimos a Osakidetza la paralizaci\u00f3n del proyecto as\u00ed como que el servicio siga siendo de gesti\u00f3n p\u00fablica y con plantilla p\u00fablica.<\/p>\n","protected":false},"excerpt":{"rendered":"<p>Se van a destinar un total de 129 millones de euros de dinero p\u00fablico a financiar la actividad de empresas privadas y se van a destruir puestos de trabajo en Osakidetza. As\u00ed, coincidiendo con la convocatoria de reuni\u00f3n de la Mesa Sectorial de Sanidad, los sindicatos LAB, ELA, CCOO, UGT y ESK hemos realizado en el d\u00eda de hoy una concentraci\u00f3n frente a las oficinas centrales de Osakidetza para denunciar el proyecto de privatizaci\u00f3n de los almacenes.<\/p>\n","protected":false},"author":1191,"featured_media":67454,"comment_status":"closed","ping_status":"closed","sticky":false,"template":"","format":"standard","meta":{"_monsterinsights_skip_tracking":false,"_monsterinsights_sitenote_active":false,"_monsterinsights_sitenote_note":"","_monsterinsights_sitenote_category":0,"footnotes":"","_links_to":"","_links_to_target":""},"categories":[18,2867,3097,6],"tags":[3033,3178,3066,3195,4528,3100,3171],"class_list":{"0":"post-67444","1":"post","2":"type-post","3":"status-publish","4":"format-standard","5":"has-post-thumbnail","7":"category-es-accion-sindical","8":"category-federaciones","9":"category-sanidad","10":"category-es-servicios-publicos","11":"tag-accion-sindical-es","12":"tag-destacado-1","13":"tag-federaciones-es","14":"tag-osakidetza-es","15":"tag-privatizacion-de-los-almacenes","16":"tag-sanidad-es","17":"tag-servicios-publicos-es"},"_links":{"self":[{"href":"https:\/\/www.lab.eus\/es\/wp-json\/wp\/v2\/posts\/67444","targetHints":{"allow":["GET"]}}],"collection":[{"href":"https:\/\/www.lab.eus\/es\/wp-json\/wp\/v2\/posts"}],"about":[{"href":"https:\/\/www.lab.eus\/es\/wp-json\/wp\/v2\/types\/post"}],"author":[{"embeddable":true,"href":"https:\/\/www.lab.eus\/es\/wp-json\/wp\/v2\/users\/1191"}],"replies":[{"embeddable":true,"href":"https:\/\/www.lab.eus\/es\/wp-json\/wp\/v2\/comments?post=67444"}],"version-history":[{"count":0,"href":"https:\/\/www.lab.eus\/es\/wp-json\/wp\/v2\/posts\/67444\/revisions"}],"wp:featuredmedia":[{"embeddable":true,"href":"https:\/\/www.lab.eus\/es\/wp-json\/wp\/v2\/media\/67454"}],"wp:attachment":[{"href":"https:\/\/www.lab.eus\/es\/wp-json\/wp\/v2\/media?parent=67444"}],"wp:term":[{"taxonomy":"category","embeddable":true,"href":"https:\/\/www.lab.eus\/es\/wp-json\/wp\/v2\/categories?post=67444"},{"taxonomy":"post_tag","embeddable":true,"href":"https:\/\/www.lab.eus\/es\/wp-json\/wp\/v2\/tags?post=67444"}],"curies":[{"name":"wp","href":"https:\/\/api.w.org\/{rel}","templated":true}]}}