{"id":67429,"date":"2024-02-08T08:38:15","date_gmt":"2024-02-08T08:38:15","guid":{"rendered":"https:\/\/www.lab.eus\/?p=67429"},"modified":"2024-02-08T09:22:58","modified_gmt":"2024-02-08T09:22:58","slug":"el-gobierno-de-nafarroa-confirma-las-malas-practicas-en-cuanto-a-la-exclusividad-en-osasunbidea-y-anticorrupcion-reconoce-la-situacion-denunciada-por-lab","status":"publish","type":"post","link":"https:\/\/www.lab.eus\/es\/el-gobierno-de-nafarroa-confirma-las-malas-practicas-en-cuanto-a-la-exclusividad-en-osasunbidea-y-anticorrupcion-reconoce-la-situacion-denunciada-por-lab\/","title":{"rendered":"El Gobierno de Nafarroa confirma las malas pr\u00e1cticas en cuanto a la exclusividad en Osasunbidea y Anticorrupci\u00f3n reconoce la situaci\u00f3n denunciada por LAB"},"content":{"rendered":"\n<p>Todas las denuncias presentadas por el sindicato LAB \u201211 en total\u2012, en torno a las malas pr\u00e1cticas de la exclusividad en Osasunbidea, han sido confirmadas y reconocidas por varias resoluciones de Funci\u00f3n Publica del Gobierno de Nafarroa y de la Oficina de Buenas Pr\u00e1cticas y Anticorrupci\u00f3n de Nafarroa. El sindicato LAB, que realiz\u00f3 estas denuncias hace un a\u00f1o, quiere remarcar la ausencia de control y dejadez que evidencian estos casos, y exige al Gobierno que asuma sus responsabilidades y ponga fin al \u201cesc\u00e1ndalo de Osasunbidea\u201d del que es responsable directo, tomando todas las medidas necesarias para ello y sin someterse a los intereses corporativos y pol\u00edticos de algunos que no hacen m\u00e1s que perjudicar la dignidad de la profesi\u00f3n m\u00e9dica.<\/p>\n\n\n\n<p>Ausencia de control y dejadez en Osasunbidea. As\u00ed lo determinan las siete resoluciones de la directora general de Funci\u00f3n P\u00fablica del Gobierno de Nafarroa en las que resuelve sobre los casos denunciados. Para los cuatro casos restantes, si bien no se han iniciado actuaciones por no encontrarse los facultativos en situaci\u00f3n de servicio activo en la Administraci\u00f3n (Osasunbidea y Anticorrupci\u00f3n deber\u00e1n encargarse de estos casos), se ha comprobado que no se autoriz\u00f3 a ninguna de las personas se\u00f1aladas la compatibilidad de sus funciones p\u00fablicas con actividad privada alguna. Conducta tipificada como falta muy grave que comparten con el resto de casos y que seg\u00fan el Estatuto del Personal al Servicio de las Administraciones P\u00fablicas de Nafarroa podr\u00eda conllevar la separaci\u00f3n del servicio a estas personas.<\/p>\n\n\n\n<p>Por su parte, la Oficina de Buenas pr\u00e1cticas y Anticorrupci\u00f3n de Nafarroa, vistos los expedientes tramitados, confirma la situaci\u00f3n denunciada por LAB. De tal forma que, ampliando el plazo en seis meses, se centrar\u00e1 en investigar en profundidad el alcance y consecuencias que se derivan de los hechos denunciados y que afectan directamente a Osasunbidea. Asimismo, analizar\u00e1 los expedientes de reintegro del complemento de exclusividad indebidamente percibido por quienes, a la vez, han ejercido una actividad privada.<\/p>\n\n\n\n<p>El sindicato LAB cree que la manera de actuar y las exigencias del Sindicato M\u00e9dico de Navarra (SMN), VOX, UPN y tambi\u00e9n el Colegio de M\u00e9dicos (que ha desatendido reunirse con este sindicato) responden exclusivamente a evidentes intereses corporativos y pol\u00edticos, y perjudican a la dignidad de la profesi\u00f3n m\u00e9dica. De hecho, cuando se cumple exactamente un a\u00f1o de la denuncia y confirmaci\u00f3n del primer caso de mala praxis, estos agentes reaccionarios y de extrema derecha vuelven a exigir p\u00fablicamente la eliminaci\u00f3n de la exclusividad aprovechando interesadamente para ello los \u00faltimos acontecimientos. Este es y no otro, el proceder inaceptable que LAB pretende corregir. Por eso LAB nunca ha facilitado la identidad de los profesionales implicados y tampoco lo har\u00e1 en el futuro.<\/p>\n\n\n\n<p>Esos intereses estrictamente corporativos y pol\u00edticoshan arrastrado al Gobierno de Nafarroa, a muchos profesionales m\u00e9dicos y especialmente a la sanidad p\u00fablica a un callej\u00f3n sin salida. As\u00ed las cosas, LAB no va a aceptar ninguna situaci\u00f3n de privilegio para con el SMN, ni mucho menos que ejerza cierto derecho a veto. Se acab\u00f3 aquello de tener mesas exclusivas para que algunos se dediquen a satisfacer sus intereses econ\u00f3micos propios y favorecer los negocios sanitarios privados por encima de la necesidad de mejorar la sanidad p\u00fablica, las condiciones de toda la plantilla, y de los derechos de toda la ciudadan\u00eda<em>.<\/em><\/p>\n\n\n\n<p>Por tanto, LAB exige al Gobierno de Nafarroa que asuma sus responsabilidades y ponga fin al \u201cesc\u00e1ndalo de Osasunbidea\u201d del que es responsable directo, tomando todas las medidas necesarias para ello. Asimismo, que acate las resoluciones de la Direcci\u00f3n de Funci\u00f3n P\u00fablica, que inspeccione, controle y act\u00fae en consecuencia, siempre en defensa de la profesi\u00f3n m\u00e9dica y de toda la sanidad p\u00fablica.<\/p>\n\n\n\n<p>Tambi\u00e9n que cumpla con lo firmado con los trabajadores y trabajadoras de Osasunbidea y ponga en marcha un \u00fanico mecanismo para monitorizar y controlar el cumplimiento de las normas de compatibilidad y exclusividad en relaci\u00f3n a la actividad privada. No hay excusas y LAB no va dar por buena, de ninguna de las maneras, una mesa al margen con el SMN, que ser\u00eda algo as\u00ed como poner al lobo a cuidar de las ovejas.<\/p>\n\n\n\n<p>Finalmente, que realice las funciones efectivas correspondientes al r\u00e9gimen de incompatibilidades a trav\u00e9s de un sistema legal que garantice que toda persona que solicite trabajar en el \u00e1mbito privado efectivamente est\u00e9 posibilitado para ello. Adquiriendo en base a ello y, con posterioridad, el complemento o no de exclusividad.<\/p>\n\n\n\n<div data-wp-interactive=\"core\/file\" class=\"wp-block-file\"><object data-wp-bind--hidden=\"!state.hasPdfPreview\" hidden class=\"wp-block-file__embed\" data=\"https:\/\/www.lab.eus\/wp-content\/uploads\/2024\/02\/LAB-dossier-EXCLUSIVIDAD.pdf\" type=\"application\/pdf\" style=\"width:100%;height:600px\" aria-label=\"Incrustado de LAB-dossier-EXCLUSIVIDAD.\"><\/object><a id=\"wp-block-file--media-3c07a734-9233-40df-bff1-e25efa5b4f0d\" href=\"https:\/\/www.lab.eus\/wp-content\/uploads\/2024\/02\/LAB-dossier-EXCLUSIVIDAD.pdf\">LAB-dossier-EXCLUSIVIDAD<\/a><a href=\"https:\/\/www.lab.eus\/wp-content\/uploads\/2024\/02\/LAB-dossier-EXCLUSIVIDAD.pdf\" class=\"wp-block-file__button wp-element-button\" download aria-describedby=\"wp-block-file--media-3c07a734-9233-40df-bff1-e25efa5b4f0d\">Deskargatu<\/a><\/div>\n","protected":false},"excerpt":{"rendered":"<p>Todas las denuncias presentadas por el sindicato LAB \u201211 en total\u2012, en torno a las malas pr\u00e1cticas de la exclusividad en Osasunbidea, han sido confirmadas y reconocidas por varias resoluciones de Funci\u00f3n Publica del Gobierno de Nafarroa y de la Oficina de Buenas Pr\u00e1cticas y Anticorrupci\u00f3n de Nafarroa. El sindicato LAB, que realiz\u00f3 estas denuncias hace un a\u00f1o, quiere remarcar la ausencia de control y dejadez que evidencian estos casos, y exige al Gobierno que asuma sus responsabilidades y ponga fin al \u201cesc\u00e1ndalo de Osasunbidea\u201d del que es responsable directo, tomando todas las medidas necesarias para ello y sin someterse a los intereses corporativos y pol\u00edticos de algunos que no hacen m\u00e1s que perjudicar la dignidad de la profesi\u00f3n m\u00e9dica.<\/p>\n","protected":false},"author":1191,"featured_media":67448,"comment_status":"closed","ping_status":"closed","sticky":false,"template":"","format":"standard","meta":{"_monsterinsights_skip_tracking":false,"_monsterinsights_sitenote_active":false,"_monsterinsights_sitenote_note":"","_monsterinsights_sitenote_category":0,"footnotes":"","_links_to":"","_links_to_target":""},"categories":[18,2867,3097,6],"tags":[3033,3178,3631,3066,3100,3171],"class_list":{"0":"post-67429","1":"post","2":"type-post","3":"status-publish","4":"format-standard","5":"has-post-thumbnail","7":"category-es-accion-sindical","8":"category-federaciones","9":"category-sanidad","10":"category-es-servicios-publicos","11":"tag-accion-sindical-es","12":"tag-destacado-1","13":"tag-exclusividad","14":"tag-federaciones-es","15":"tag-sanidad-es","16":"tag-servicios-publicos-es"},"_links":{"self":[{"href":"https:\/\/www.lab.eus\/es\/wp-json\/wp\/v2\/posts\/67429","targetHints":{"allow":["GET"]}}],"collection":[{"href":"https:\/\/www.lab.eus\/es\/wp-json\/wp\/v2\/posts"}],"about":[{"href":"https:\/\/www.lab.eus\/es\/wp-json\/wp\/v2\/types\/post"}],"author":[{"embeddable":true,"href":"https:\/\/www.lab.eus\/es\/wp-json\/wp\/v2\/users\/1191"}],"replies":[{"embeddable":true,"href":"https:\/\/www.lab.eus\/es\/wp-json\/wp\/v2\/comments?post=67429"}],"version-history":[{"count":0,"href":"https:\/\/www.lab.eus\/es\/wp-json\/wp\/v2\/posts\/67429\/revisions"}],"wp:featuredmedia":[{"embeddable":true,"href":"https:\/\/www.lab.eus\/es\/wp-json\/wp\/v2\/media\/67448"}],"wp:attachment":[{"href":"https:\/\/www.lab.eus\/es\/wp-json\/wp\/v2\/media?parent=67429"}],"wp:term":[{"taxonomy":"category","embeddable":true,"href":"https:\/\/www.lab.eus\/es\/wp-json\/wp\/v2\/categories?post=67429"},{"taxonomy":"post_tag","embeddable":true,"href":"https:\/\/www.lab.eus\/es\/wp-json\/wp\/v2\/tags?post=67429"}],"curies":[{"name":"wp","href":"https:\/\/api.w.org\/{rel}","templated":true}]}}