{"id":67415,"date":"2024-02-07T11:55:25","date_gmt":"2024-02-07T11:55:25","guid":{"rendered":"https:\/\/www.lab.eus\/?p=67415"},"modified":"2024-02-07T11:55:26","modified_gmt":"2024-02-07T11:55:26","slug":"apostamos-por-luchar-el-presente-para-garantizar-el-futuro-de-ezkerraldea-y-meatzaldea","status":"publish","type":"post","link":"https:\/\/www.lab.eus\/es\/apostamos-por-luchar-el-presente-para-garantizar-el-futuro-de-ezkerraldea-y-meatzaldea\/","title":{"rendered":"Apostamos por luchar el presente para garantizar el futuro de Ezkerraldea y Meatzaldea"},"content":{"rendered":"\n<p>Hemos comparecido en Sestao para presentar la movilizaci\u00f3n que llevaremos a cabo el pr\u00f3ximo 17 de marzo. El lema de la manifestaci\u00f3n ser\u00e1 \u201cLangileon Ezkerraldea eta Meatzaldea bizirik! Empleos dignos, vidas dignas\u201d y empezar\u00e1 a las 12:00, desde la plaza de Sestao.<\/p>\n\n\n\n<p>Han tratado sobre la situaci\u00f3n de Ezkerraldea y Meatzaldea. La consecuencia directa de la pol\u00edtica de desindustrializaci\u00f3n es la destrucci\u00f3n de la industria. En contrapartida, traen centros comerciales, log\u00edsticos y almacenes del sector servicios. En la comparecencia, han mostrado algunos ejemplos de destrucci\u00f3n del tejido industrial y terciarizaci\u00f3n de la econom\u00eda, de la mano de trabajadoras y trabajadores de las empresas afectadas.<\/p>\n\n\n\n<p>En el caso de <strong>Tubos Reunidos<\/strong>, de Trapagaran, el d\u00eda 23 enero se comunic\u00f3 al comit\u00e9 de empresa la intenci\u00f3n de iniciar un Expediente de Regulaci\u00f3n Temporal de Empleo (ERTE) por causas productivas y organizativas. Este ERTE afectar\u00eda a un total de 319 trabajadoras y trabajadores de la planta de Trapagaran y tendr\u00eda una duraci\u00f3n del 26 de febrero al 31 de julio. El porcentaje de aplicaci\u00f3n ser\u00eda del 50 % para un total de 100 d\u00edas de trabajo.<\/p>\n\n\n\n<p>A toda esta incertidumbre hay que sumarle el traslado en diciembre de 80 de sus compa\u00f1eros y compa\u00f1eras de la acer\u00eda de Trapagaran a la planta de Amurrio que, a pesar de no haber sido despedidos y despedidas, ha supuesto que la plantilla de su f\u00e1brica disminuya en gran medida.<\/p>\n\n\n\n<p>Tambi\u00e9n han descrito el caso de la empresa de automoci\u00f3n <strong>MFS<\/strong> de Trapagaran, un buen ejemplo de c\u00f3mo se va desindustrializando la comarca. Han entrado en concurso de acreedores y por ahora lo \u00fanico que conocen es que un fondo de inversi\u00f3n puede estar interesado en la compra del inmueble. Sobre la continuidad de la actividad industrial, hay muchas incertidumbres. De continuar con la actividad, lo que parece que est\u00e1 claro es que est\u00e1n abocados y abocadas a la p\u00e9rdida de empleo neto. Est\u00e1n en un lugar estrat\u00e9gico, la recta de Amazon, que en un futuro no muy lejano se puede convertir en espacio para empresas dedicadas a la log\u00edstica, al comercio o al ocio, con trabajos y salarios m\u00e1s precarios que los de la industria.<\/p>\n\n\n\n<p>El de <strong>Amazon<\/strong> ha sido el tercer caso que han presentado, un claro ejemplo de las nuevas relaciones laborales que quieren establecer las grandes multinacionales que se dedican al reparto. Amazon busca implantar un modelo de centros log\u00edsticos, \u201cun modelo que si dejamos de presionar querr\u00e1n copiar el resto de empresas del sector\u201d, han se\u00f1alado. No es casualidad que no se dignen a negociar un convenio propio que recoja las condiciones reales que tienen las personas que trabajan en el centro log\u00edstico, ni tampoco asuma las tareas de reparto, un servicio totalmente subcontratado con empresas que casi exclusivamente trabajan para Amazon.<\/p>\n\n\n\n<p>Han mencionado que a cambio de vender un servicio de y a 24 horas, les obligan a trabajar bajo mucha presi\u00f3n, en turnos de noches, con alta cantidad de contratos parciales, horarios flexibles&#8230; \u201cpero no vamos a dar el brazo a torcer. Seguiremos firmes hasta que se sienten a negociar nuestras condiciones laborales\u201d, han se\u00f1alado las y los trabajadores de la planta.<\/p>\n\n\n\n<p>En <strong>Vicinay<\/strong> de Sestao, hace apenas un mes, les anunciaron que les quer\u00edan aplicar un ERTE por causas productivas. Es la tercera vez en cuatro a\u00f1os que la empresa quiere implantar una medida de este tipo, que los y las trabajadoras consideran una tomadura de pelo: \u201cAnte esta medida no ve\u00edamos m\u00e1s opci\u00f3n que organizarnos y hacerle frente de manera colectiva\u201d.<\/p>\n\n\n\n<p>Compa\u00f1eras y compa\u00f1eros se unieron y gracias a la activaci\u00f3n de la plantilla, consiguieron ejercer tal presi\u00f3n que la empresa no tuvo m\u00e1s remedio que rectificar y echar atr\u00e1s el ERTE. \u201cSolo la acci\u00f3n sindical, la movilizaci\u00f3n de la clase trabajadora consigue ponerle fin a los caprichos de las empresas que solo buscan mantener y aumentar sus beneficios econ\u00f3micos a costa de nuestro pan\u201d, han a\u00f1adido.<\/p>\n\n\n\n<p><strong>\u201c<\/strong>La situaci\u00f3n en la que se encuentran estas empresas nos deja a los y las trabajadoras de Ezkerraldea y Meatzaldea un futuro cercano muy incierto\u201d, han se\u00f1alado, mencionando tambi\u00e9n de d\u00f3nde viene la situaci\u00f3n, \u201cSon claros ejemplos de la pol\u00edtica de desindustrializaci\u00f3n del PNV y PSOE. No son conflictos puntuales, sino fruto de una estrategia pol\u00edtica concreta\u201d.<\/p>\n\n\n\n<p>Han a\u00f1adido que en aras de una voluntad pol\u00edtica quieren condenarlos y condenarlas a una cruda precariedad: \u201cEn comarcas como las nuestras, donde el peso de la industria ha sido considerable, pretenden reducir la oferta de empleo. Les salen baratos los despidos. Cada vez que se pierde un empleo, desaparece un puesto de trabajo futuro\u201d.<\/p>\n\n\n\n<p>Adem\u00e1s, han denunciado que la incertidumbre es su pan de cada d\u00eda; m\u00e1s si les imponen empresas del sector servicios; a\u00f1adiendo que quiere convertir Ezkerralde y Meatzaldea en tierra de centros comerciales, log\u00edsticos y almacenes, pol\u00edtica que las y los condena totalmente a la precariedad.<\/p>\n\n\n\n<p>Del mismo modo, han indicado que la reordenaci\u00f3n del empleo debe necesariamente situar en el centro a la clase trabajadora y han reivindicado el tripe reparto para trabajar en condiciones laborales dignas, esto es, el reparto del empleo, las tareas del cuidado, y la riqueza. \u201cVamos a luchar para que las vidas est\u00e9n en el centro\u201d, han a\u00f1adido.<\/p>\n\n\n\n<p>Han se\u00f1alado que es hora de dar una respuesta global a esta intencionalidad pol\u00edtica generalizada: \u201cNos toca actuar con ambici\u00f3n, tenemos la necesidad de estructurar un movimiento sociosindical fuerte. Queremos articular las m\u00faltiples iniciativas necesarias a favor de unas condiciones de trabajo y vida dignas, y lanzar un llamamiento a un proceso compartido\u201d.<\/p>\n\n\n\n<p>Por ello, han realizado un llamamiento a la movilizaci\u00f3n: \u201capostamos por sacar a las calles lo que pasa en las empresas\u201d, se\u00f1alando tambi\u00e9n de d\u00f3nde tendr\u00eda que venir la soluci\u00f3n: \u201cpara generar empleo estable y de calidad necesitamos medidas ordenadas, consensuadas e integrales para las personas de Ezkerraldea y Meatzaldea, al tiempo que pedimos que asuman responsabilidades dentro de las competencias que tienen las instituciones\u201d.<\/p>\n\n\n\n<p>Han finalizado la rueda de prensa con un llamamiento a tomar las calles el 17 de marzo: \u201cdiremos alto y claro que necesitamos y queremos un futuro digno. Basta ya de que los empresarios sigan llen\u00e1ndose los bolsillos con nuestro sudor. Hacemos un llamamiento a la comunidad de LAB y a la sociedad en general para que responda y se movilice ante esta situaci\u00f3n\u201d.<\/p>\n\n\n\n<figure class=\"wp-block-image size-large\"><img loading=\"lazy\" decoding=\"async\" width=\"724\" height=\"1024\" src=\"https:\/\/www.lab.eus\/wp-content\/uploads\/2024\/02\/2024-03-17-Mani-ezkerraldea-724x1024.jpeg\" alt=\"\" class=\"wp-image-67410\" srcset=\"https:\/\/www.lab.eus\/wp-content\/uploads\/2024\/02\/2024-03-17-Mani-ezkerraldea-724x1024.jpeg 724w, https:\/\/www.lab.eus\/wp-content\/uploads\/2024\/02\/2024-03-17-Mani-ezkerraldea-212x300.jpeg 212w, https:\/\/www.lab.eus\/wp-content\/uploads\/2024\/02\/2024-03-17-Mani-ezkerraldea-768x1086.jpeg 768w, https:\/\/www.lab.eus\/wp-content\/uploads\/2024\/02\/2024-03-17-Mani-ezkerraldea-150x212.jpeg 150w, https:\/\/www.lab.eus\/wp-content\/uploads\/2024\/02\/2024-03-17-Mani-ezkerraldea-300x424.jpeg 300w, https:\/\/www.lab.eus\/wp-content\/uploads\/2024\/02\/2024-03-17-Mani-ezkerraldea-696x984.jpeg 696w, https:\/\/www.lab.eus\/wp-content\/uploads\/2024\/02\/2024-03-17-Mani-ezkerraldea.jpeg 905w\" sizes=\"auto, (max-width: 724px) 100vw, 724px\" \/><\/figure>\n","protected":false},"excerpt":{"rendered":"<p>Hemos comparecido en Sestao para presentar la movilizaci\u00f3n que llevaremos a cabo el pr\u00f3ximo 17 de marzo. El lema de la manifestaci\u00f3n ser\u00e1 \u201cLangileon Ezkerraldea eta Meatzaldea bizirik! Empleos dignos, vidas dignas\u201d y empezar\u00e1 a las 12:00, desde la plaza de Sestao.<\/p>\n","protected":false},"author":1191,"featured_media":67412,"comment_status":"closed","ping_status":"closed","sticky":false,"template":"","format":"standard","meta":{"_monsterinsights_skip_tracking":false,"_monsterinsights_sitenote_active":false,"_monsterinsights_sitenote_note":"","_monsterinsights_sitenote_category":0,"footnotes":"","_links_to":"","_links_to_target":""},"categories":[18],"tags":[3033,3178,919],"class_list":{"0":"post-67415","1":"post","2":"type-post","3":"status-publish","4":"format-standard","5":"has-post-thumbnail","7":"category-es-accion-sindical","8":"tag-accion-sindical-es","9":"tag-destacado-1","10":"tag-ezkerraldea"},"_links":{"self":[{"href":"https:\/\/www.lab.eus\/es\/wp-json\/wp\/v2\/posts\/67415","targetHints":{"allow":["GET"]}}],"collection":[{"href":"https:\/\/www.lab.eus\/es\/wp-json\/wp\/v2\/posts"}],"about":[{"href":"https:\/\/www.lab.eus\/es\/wp-json\/wp\/v2\/types\/post"}],"author":[{"embeddable":true,"href":"https:\/\/www.lab.eus\/es\/wp-json\/wp\/v2\/users\/1191"}],"replies":[{"embeddable":true,"href":"https:\/\/www.lab.eus\/es\/wp-json\/wp\/v2\/comments?post=67415"}],"version-history":[{"count":0,"href":"https:\/\/www.lab.eus\/es\/wp-json\/wp\/v2\/posts\/67415\/revisions"}],"wp:featuredmedia":[{"embeddable":true,"href":"https:\/\/www.lab.eus\/es\/wp-json\/wp\/v2\/media\/67412"}],"wp:attachment":[{"href":"https:\/\/www.lab.eus\/es\/wp-json\/wp\/v2\/media?parent=67415"}],"wp:term":[{"taxonomy":"category","embeddable":true,"href":"https:\/\/www.lab.eus\/es\/wp-json\/wp\/v2\/categories?post=67415"},{"taxonomy":"post_tag","embeddable":true,"href":"https:\/\/www.lab.eus\/es\/wp-json\/wp\/v2\/tags?post=67415"}],"curies":[{"name":"wp","href":"https:\/\/api.w.org\/{rel}","templated":true}]}}