{"id":67310,"date":"2024-02-02T10:36:08","date_gmt":"2024-02-02T10:36:08","guid":{"rendered":"https:\/\/www.lab.eus\/?p=67310"},"modified":"2024-02-02T10:36:09","modified_gmt":"2024-02-02T10:36:09","slug":"el-comite-de-empresa-de-navarrabiomed-llama-a-apostar-por-la-investigacion-sanitaria-publica-y-exige-a-salud-que-cumpla-con-la-recomendacion-de-anticorrupcion-y-suspenda-el-acuerdo-que-favorece-a-la","status":"publish","type":"post","link":"https:\/\/www.lab.eus\/es\/el-comite-de-empresa-de-navarrabiomed-llama-a-apostar-por-la-investigacion-sanitaria-publica-y-exige-a-salud-que-cumpla-con-la-recomendacion-de-anticorrupcion-y-suspenda-el-acuerdo-que-favorece-a-la\/","title":{"rendered":"El Comit\u00e9 de Empresa de Navarrabiomed llama a apostar por la investigaci\u00f3n sanitaria p\u00fablica, y exige a Salud que cumpla con la recomendaci\u00f3n de Anticorrupci\u00f3n y suspenda el acuerdo que favorece a la parte privada"},"content":{"rendered":"\n<p>La Oficina de Buenas Pr\u00e1cticas y Anticorrupci\u00f3n de Navarra (OANA) mediante Resoluci\u00f3n 1\/2024, de 15 de enero, declara la existencia de indicios razonables de veracidad de los hechos denunciados por el sindicato LAB, e iniciar\u00e1 un procedimiento de investigaci\u00f3n puesto que el acuerdo sobre los ensayos cl\u00ednicos <em>\u00abpudiera ser claramente asim\u00e9trico, ya que exime a la parte privada de ceder la gesti\u00f3n de sus ensayos comerciales mientras obliga a ello a la parte p\u00fablica, y pudiera poner en riesgo la propia viabilidad econ\u00f3mica de la Fundaci\u00f3n Miguel Servet-Navarrabiomed y, por tanto, la investigaci\u00f3n p\u00fablica e<\/em><em>n<\/em><em> e<\/em><em>l<\/em><em> sector biom\u00e9dico de Navarra\u00bb<\/em>.<\/p>\n\n\n\n<p>El Comit\u00e9 de Empresa de Navarrabiomed-Fundaci\u00f3n Miguel Servet, compuesto por nueve delegadas del sindicato LAB, considera que <strong>la<\/strong><strong> resoluci\u00f3n de la OANA respalda lo que <\/strong><strong>lleva denunciando<\/strong><strong> desde el mes de junio del a\u00f1o pasado <\/strong><strong>y su lucha en defensa de la investigaci\u00f3n sanitaria p\u00fablica<\/strong>. As\u00ed, el an\u00e1lisis indica que el acuerdo del patronato de IdiSNA de 28 de junio de 2022 <em>\u00ab<\/em><em>contempla el traspaso de los ensayos cl\u00ednicos gestionados por la FMS-Navarrabiomed y no los del C<\/em><em>UN (Cl\u00ednica Universitaria de Navarra)<\/em><em>, y ello sin que conste en la documentaci\u00f3n analizada justificaci\u00f3n alguna<\/em><em>\u00bb<\/em>. Dicho de otra forma, <em>\u00abexime a la parte privada de ceder la gesti\u00f3n de sus ensayos comerciales mientras obliga a ello a la parte p\u00fablica\u00bb<\/em>.<\/p>\n\n\n\n<p>Adem\u00e1s, recoge que <em>\u00ab<\/em><em>el Patronato de <\/em><em><strong>la Fundaci\u00f3n IdiSNA es consciente de que el acuerdo por \u00e9l adoptado conlleva el riesgo de descapitalizar la Fundaci\u00f3n Miguel Servet, por lo que le reserva la gesti\u00f3n del \u201cm\u00ednimo imprescindible de ensayos cl\u00ednicos para poder deducirse el IVA<\/strong><\/em><em>\u201d, criterio este muy poco cient\u00edfico y, en todo caso, de dudosa legalidad, en los t\u00e9rminos en que se adopta, por lo que este acuerdo y sus antecedentes deben ser analizados<\/em><em>\u00bb<\/em>.<\/p>\n\n\n\n<p>De esta forma, el Comit\u00e9 que representa a la plantilla de Navarrabiomed &#8211; Fundaci\u00f3n Miguel Servert considera que con esta resoluci\u00f3n <strong>resulta insostenible la versi\u00f3n del Departamento de Salud <\/strong><strong>y del <\/strong><strong>c<\/strong><strong>onsejero<\/strong><strong> que niega<\/strong><strong>n<\/strong><strong> y relativiza<\/strong><strong>n<\/strong><strong> el riesgo de descapitalizaci\u00f3n de una herramienta p\u00fablica frente a o<\/strong><strong>t<\/strong><strong>ra privada<\/strong>: <em>\u00ab<\/em><em>en la misma medida en que la Fundaci\u00f3n IdiSNA adquiere viabilidad, la pierde la Fundaci\u00f3n Miguel Servet y ello sin que conste informe alguno que avale la decisi\u00f3n<\/em><em>\u00bb,<\/em> advierte Anticorrupci\u00f3n.<\/p>\n\n\n\n<p>Asimismo, <strong>el Comit\u00e9 de Empresa espera que el Gobierno de Nafarroa no <\/strong><strong>se entrometa de ninguna manera y deje que <\/strong><strong>la C\u00e1mara de Comptos pueda emitir <\/strong><strong>con total normalidad <\/strong><strong>un informe de fiscalizaci\u00f3n<\/strong> del acuerdo Patronato de IdiSNA en lo relativo a las consecuencias para la viabilidad de la Fundaci\u00f3n Miguel Servet, tal y como solicita la Oficina Anticorrupci\u00f3n.<\/p>\n\n\n\n<p><strong>E<\/strong><strong>l Departamento de Salud y el <\/strong><strong>c<\/strong><strong>onsejero <\/strong><strong>de <\/strong><strong>Geroa Bai <\/strong><strong>no<\/strong><strong> puede<\/strong><strong>n<\/strong><strong> seguir actuando como si esta <\/strong><strong>r<\/strong><strong>esoluci\u00f3n no existiera. <\/strong>Ello supondr\u00eda jugar con la opini\u00f3n p\u00fablica diciendo una cosa en base a c\u00e1lculos partidistas \u2012con el \u00fanico objetivo de evitar trasladar su verdadera posici\u00f3n a la sociedad navarra\u2012 y haciendo su contraria en beneficio de sus intereses: la apuesta por una investigaci\u00f3n sanitaria privatizada, dependiente del Opus Dei y convertida en negocio. Exactamente lo mismo que hizo el PSN en verano.<\/p>\n\n\n\n<p>Por ello, la representaci\u00f3n de los trabajadores y trabajadoras le exige que cumpla con la misma, dejando en suspenso la ejecuci\u00f3n de los acuerdos, <em>\u00ab<\/em><em>atendiendo a las graves consecuencias que su ejecuci\u00f3n pudiera tener para la Fundaci\u00f3n Miguel Servet<\/em><em>\u00bb<\/em>. Es momento de dejar atr\u00e1s viejas inercias y trabajar junto con el Comit\u00e9 de Empresa en desarrollar el <strong>compromiso pol\u00edtico <\/strong><strong>que adquirieron<\/strong><strong> <\/strong><strong>los partidos en el Gobierno (Geroa Bai y Contigo-Zurekin) <\/strong><strong>para<\/strong><strong> <\/strong><strong>garantiza<\/strong><strong>r<\/strong><strong> la <\/strong><strong>gesti\u00f3n p\u00fablica <\/strong>del instituto acreditado por Carlos III en Nafarroa a trav\u00e9s de Navarrabiomed-Fundaci\u00f3n Miguel Servet, y evitar p\u00e9rdidas de puestos de trabajo en la fundaci\u00f3n p\u00fablica.<\/p>\n\n\n\n<p>El Comit\u00e9 de Empresa de Navarrabiomed-Fundaci\u00f3n Miguel Servet sigue pensando que esta es la soluci\u00f3n para conseguir acreditar a IdiSNA sin descapitalizar a la fundaci\u00f3n p\u00fablica Miguel Servet y garantizar la existencia de una investigaci\u00f3n biom\u00e9dica p\u00fablica en Nafarroa. Una misi\u00f3n esencial que se debe potenciar desde los sistemas p\u00fablicos de salud.<\/p>\n\n\n\n<p>Frente a versiones interesadas de la derecha, tal y como recoge la resoluci\u00f3n,<em> \u00ab<\/em><em><strong>no consta en el expediente documentaci\u00f3n o manifestaci\u00f3n alguna que ponga en cuesti\u00f3n la continuidad de la colaboraci\u00f3n p\u00fablico-privada. Lo que se cuestiona en la denuncia es que el grueso de la investigaci\u00f3n sanitaria se traslade a una fundaci\u00f3n privada<\/strong><\/em><em>, la Fundaci\u00f3n IdiSNA, en detrimento de la fundaci\u00f3n p\u00fablica que viene haci\u00e9ndolo hasta ahora, la Fundaci\u00f3n Miguel Servert, que cuenta con la estructura, organizaci\u00f3n y medios necesarios y el reconocimiento de su buen hacer en dicha gesti\u00f3n\u00bb.<\/em><\/p>\n\n\n\n<p>Por el contrario, e<strong>l Comit\u00e9 tiene que denunciar que c<\/strong><strong>ontin\u00faan las presiones <\/strong><strong>a trabajadores y trabajadores para <\/strong><strong>traspasar dichos ensayos cl\u00ednicos <\/strong><strong>en <\/strong><strong>la<\/strong><strong> l\u00ednea de trabajo que cuestiona la Oficina<\/strong> de Buenas Pr\u00e1cticas y de Anticorrupci\u00f3n de Navarra.<\/p>\n","protected":false},"excerpt":{"rendered":"<p>La Oficina de Buenas Pr\u00e1cticas y Anticorrupci\u00f3n de Navarra (OANA) mediante Resoluci\u00f3n 1\/2024, de 15 de enero, declara la existencia de indicios razonables de veracidad de los hechos denunciados por el sindicato LAB, e iniciar\u00e1 un procedimiento de investigaci\u00f3n puesto que el acuerdo sobre los ensayos cl\u00ednicos \u00abpudiera ser claramente asim\u00e9trico, ya que exime a la parte privada de ceder la gesti\u00f3n de sus ensayos comerciales mientras obliga a ello a la parte p\u00fablica, y pudiera poner en riesgo la propia viabilidad econ\u00f3mica de la Fundaci\u00f3n Miguel Servet-Navarrabiomed y, por tanto, la investigaci\u00f3n p\u00fablica en el sector biom\u00e9dico de Navarra\u00bb.<\/p>\n","protected":false},"author":1191,"featured_media":67315,"comment_status":"closed","ping_status":"closed","sticky":false,"template":"","format":"standard","meta":{"_monsterinsights_skip_tracking":false,"_monsterinsights_sitenote_active":false,"_monsterinsights_sitenote_note":"","_monsterinsights_sitenote_category":0,"footnotes":"","_links_to":"","_links_to_target":""},"categories":[18,2867,3097,6],"tags":[3033,3178,3066,3907,3100,3171],"class_list":{"0":"post-67310","1":"post","2":"type-post","3":"status-publish","4":"format-standard","5":"has-post-thumbnail","7":"category-es-accion-sindical","8":"category-federaciones","9":"category-sanidad","10":"category-es-servicios-publicos","11":"tag-accion-sindical-es","12":"tag-destacado-1","13":"tag-federaciones-es","14":"tag-navarrabiomed","15":"tag-sanidad-es","16":"tag-servicios-publicos-es"},"_links":{"self":[{"href":"https:\/\/www.lab.eus\/es\/wp-json\/wp\/v2\/posts\/67310","targetHints":{"allow":["GET"]}}],"collection":[{"href":"https:\/\/www.lab.eus\/es\/wp-json\/wp\/v2\/posts"}],"about":[{"href":"https:\/\/www.lab.eus\/es\/wp-json\/wp\/v2\/types\/post"}],"author":[{"embeddable":true,"href":"https:\/\/www.lab.eus\/es\/wp-json\/wp\/v2\/users\/1191"}],"replies":[{"embeddable":true,"href":"https:\/\/www.lab.eus\/es\/wp-json\/wp\/v2\/comments?post=67310"}],"version-history":[{"count":0,"href":"https:\/\/www.lab.eus\/es\/wp-json\/wp\/v2\/posts\/67310\/revisions"}],"wp:featuredmedia":[{"embeddable":true,"href":"https:\/\/www.lab.eus\/es\/wp-json\/wp\/v2\/media\/67315"}],"wp:attachment":[{"href":"https:\/\/www.lab.eus\/es\/wp-json\/wp\/v2\/media?parent=67310"}],"wp:term":[{"taxonomy":"category","embeddable":true,"href":"https:\/\/www.lab.eus\/es\/wp-json\/wp\/v2\/categories?post=67310"},{"taxonomy":"post_tag","embeddable":true,"href":"https:\/\/www.lab.eus\/es\/wp-json\/wp\/v2\/tags?post=67310"}],"curies":[{"name":"wp","href":"https:\/\/api.w.org\/{rel}","templated":true}]}}