{"id":67195,"date":"2024-01-31T11:26:12","date_gmt":"2024-01-31T11:26:12","guid":{"rendered":"https:\/\/www.lab.eus\/?p=67195"},"modified":"2024-01-31T11:32:58","modified_gmt":"2024-01-31T11:32:58","slug":"las-trabajadoras-de-limpieza-de-la-diputacion-foral-de-bizkaia-movilizan-para-reivindicar-la-equiparacion-salarial","status":"publish","type":"post","link":"https:\/\/www.lab.eus\/es\/las-trabajadoras-de-limpieza-de-la-diputacion-foral-de-bizkaia-movilizan-para-reivindicar-la-equiparacion-salarial\/","title":{"rendered":"Las trabajadoras de limpieza de la Diputaci\u00f3n Foral de Bizkaia se movilizan para reivindicar la equiparaci\u00f3n salarial"},"content":{"rendered":"\n<p>Las trabajadoras de limpieza de la Diputaci\u00f3n Foral de Bizkaia, subcontratadas por la empresa \u00d3ptima, que llevan sin renovar el convenio desde el a\u00f1o 2022 y se encuentran en pleno proceso de negociaci\u00f3n, tienen como objetivo la equiparaci\u00f3n salarial con el personal propio de la Diputaci\u00f3n Foral de Bizkaia.<\/p>\n\n\n\n<p>La empresa que presta el servicio, \u00d3ptima, se niega a asumir la equiparaci\u00f3n, con el benepl\u00e1cito de la Diputaci\u00f3n, que ni siquiera ha recibido a la representaci\u00f3n de la plantilla de limpieza tras haber solicitado \u00e9sta en numerosas ocasiones una reuni\u00f3n para tratar de desbloquear la situaci\u00f3n.<\/p>\n\n\n\n<p>Hoy se han concentrado en Bilbo, frente al Palacio Foral y las trabajadoras subcontratadas de limpieza de los edificios de la Diputaci\u00f3n Foral de Bizkaia han denunciado su situaci\u00f3n y han exigido, una vez m\u00e1s, que se se reconozca su derecho a estar equiparadas, poniendo en valor su trabajo y eliminando la brecha salarial existente entre las trabajadoras subcontratadas y las trabajadoras propias de la Diputaci\u00f3n Foral de Bizkaia.<\/p>\n\n\n\n<figure class=\"wp-block-image size-large\"><img loading=\"lazy\" decoding=\"async\" width=\"1024\" height=\"575\" src=\"https:\/\/www.lab.eus\/wp-content\/uploads\/2024\/01\/2024-01-31-BFAko-garbiketa_1-1024x575.jpeg\" alt=\"\" class=\"wp-image-67188\" srcset=\"https:\/\/www.lab.eus\/wp-content\/uploads\/2024\/01\/2024-01-31-BFAko-garbiketa_1-1024x575.jpeg 1024w, https:\/\/www.lab.eus\/wp-content\/uploads\/2024\/01\/2024-01-31-BFAko-garbiketa_1-300x169.jpeg 300w, https:\/\/www.lab.eus\/wp-content\/uploads\/2024\/01\/2024-01-31-BFAko-garbiketa_1-768x432.jpeg 768w, https:\/\/www.lab.eus\/wp-content\/uploads\/2024\/01\/2024-01-31-BFAko-garbiketa_1-1536x863.jpeg 1536w, https:\/\/www.lab.eus\/wp-content\/uploads\/2024\/01\/2024-01-31-BFAko-garbiketa_1-150x84.jpeg 150w, https:\/\/www.lab.eus\/wp-content\/uploads\/2024\/01\/2024-01-31-BFAko-garbiketa_1-696x391.jpeg 696w, https:\/\/www.lab.eus\/wp-content\/uploads\/2024\/01\/2024-01-31-BFAko-garbiketa_1-1068x600.jpeg 1068w, https:\/\/www.lab.eus\/wp-content\/uploads\/2024\/01\/2024-01-31-BFAko-garbiketa_1.jpeg 1600w\" sizes=\"auto, (max-width: 1024px) 100vw, 1024px\" \/><\/figure>\n","protected":false},"excerpt":{"rendered":"<p>Las trabajadoras de limpieza de la Diputaci\u00f3n Foral de Bizkaia, subcontratadas por la empresa \u00d3ptima, que llevan sin renovar el convenio desde el a\u00f1o 2022 y se encuentran en pleno proceso de negociaci\u00f3n, tienen como objetivo la equiparaci\u00f3n salarial con el personal propio de la Diputaci\u00f3n Foral de Bizkaia.<\/p>\n","protected":false},"author":1191,"featured_media":67190,"comment_status":"closed","ping_status":"closed","sticky":false,"template":"","format":"standard","meta":{"_monsterinsights_skip_tracking":false,"_monsterinsights_sitenote_active":false,"_monsterinsights_sitenote_note":"","_monsterinsights_sitenote_category":0,"footnotes":"","_links_to":"","_links_to_target":""},"categories":[18,2867,2944,8],"tags":[3028,3033,3178,2980,3066,3079,4522,3080],"class_list":{"0":"post-67195","1":"post","2":"type-post","3":"status-publish","4":"format-standard","5":"has-post-thumbnail","7":"category-es-accion-sindical","8":"category-federaciones","9":"category-limpieza","10":"category-es-servicios-privados","11":"tag-accion-sindical-2","12":"tag-accion-sindical-es","13":"tag-destacado-1","14":"tag-federaciones","15":"tag-federaciones-es","16":"tag-limpieza","17":"tag-limpieza-de-la-diputacion-foral-de-bizkaia","18":"tag-servicios-privados"},"_links":{"self":[{"href":"https:\/\/www.lab.eus\/es\/wp-json\/wp\/v2\/posts\/67195","targetHints":{"allow":["GET"]}}],"collection":[{"href":"https:\/\/www.lab.eus\/es\/wp-json\/wp\/v2\/posts"}],"about":[{"href":"https:\/\/www.lab.eus\/es\/wp-json\/wp\/v2\/types\/post"}],"author":[{"embeddable":true,"href":"https:\/\/www.lab.eus\/es\/wp-json\/wp\/v2\/users\/1191"}],"replies":[{"embeddable":true,"href":"https:\/\/www.lab.eus\/es\/wp-json\/wp\/v2\/comments?post=67195"}],"version-history":[{"count":0,"href":"https:\/\/www.lab.eus\/es\/wp-json\/wp\/v2\/posts\/67195\/revisions"}],"wp:featuredmedia":[{"embeddable":true,"href":"https:\/\/www.lab.eus\/es\/wp-json\/wp\/v2\/media\/67190"}],"wp:attachment":[{"href":"https:\/\/www.lab.eus\/es\/wp-json\/wp\/v2\/media?parent=67195"}],"wp:term":[{"taxonomy":"category","embeddable":true,"href":"https:\/\/www.lab.eus\/es\/wp-json\/wp\/v2\/categories?post=67195"},{"taxonomy":"post_tag","embeddable":true,"href":"https:\/\/www.lab.eus\/es\/wp-json\/wp\/v2\/tags?post=67195"}],"curies":[{"name":"wp","href":"https:\/\/api.w.org\/{rel}","templated":true}]}}