{"id":66962,"date":"2024-01-25T11:07:07","date_gmt":"2024-01-25T11:07:07","guid":{"rendered":"https:\/\/www.lab.eus\/?p=66962"},"modified":"2024-01-25T11:07:59","modified_gmt":"2024-01-25T11:07:59","slug":"convocaremos-5-dias-mas-de-huelga-en-iniciativa-social-en-febrero-si-las-patronales-kristau-eskola-y-aice-izea-no-traen-contenidos-suficientes-a-la-mesa-de-negociacion","status":"publish","type":"post","link":"https:\/\/www.lab.eus\/es\/convocaremos-5-dias-mas-de-huelga-en-iniciativa-social-en-febrero-si-las-patronales-kristau-eskola-y-aice-izea-no-traen-contenidos-suficientes-a-la-mesa-de-negociacion\/","title":{"rendered":"Convocaremos 5 d\u00edas m\u00e1s de huelga en iniciativa social en febrero si las patronales Kristau Eskola y AICE-IZEA no traen contenidos suficientes a la mesa de negociaci\u00f3n"},"content":{"rendered":"\n<p>Ponemos fin a la din\u00e1mica de movilizaciones y de 5 d\u00edas de huelga en enero. En total, han sido 14 d\u00edas de huelga en este conflicto laboral. Por ello, LAB quiere felicitar a los trabajadores y trabajadoras del sector por el trabajo realizado y la lucha y el compromiso expresado.<\/p>\n\n\n\n<p>LAB pide a las patronales Kristau Eskola y AICE-IZEA medidas para aliviar las cargas de trabajo para desbloquear el conflicto, incluir en el convenio el procedimiento con garant\u00edas de recolocaci\u00f3n de trabajadores y trabajadoras y traer a la mesa negociadora la propuesta de recuperar la capacidad adquisitiva en el camino de equiparar el salario con el de los y las empleadas p\u00fablicas.<\/p>\n\n\n\n<p>Los trabajadores y trabajadoras del sector han secundado hoy la decimocuarta jornada de huelga en la lucha por la renovaci\u00f3n del convenio laboral de Iniciativa Social. Miles de trabajadores y trabajadoras se han manifestado hoy en las calles de Bilbao pese a los excesivos servicios m\u00ednimos decretados por el Gobierno Vasco.<\/p>\n\n\n\n<p>LAB reitera que lo conseguido en las ikastolas hay que traerlo a la mesa de Iniciativa Social y en ese camino pide a las patronales Kristau Eskola y AICE-IZEA que traigan esos contenidos a la mesa negociadora si quieren solucionar el conflicto laboral.<\/p>\n\n\n\n<p>En concreto, LAB ha reclamado una subida salarial superior al 15% para 2024, la equiparaci\u00f3n salarial de los y las educadoras de 0 a 2 a\u00f1os con los y las educadoras de 2 a\u00f1os, la inclusi\u00f3n de un procedimiento de recolocaci\u00f3n con garant\u00edas en el convenio y medidas concretas para reducir las cargas de trabajo. En Educaci\u00f3n Infantil y Primaria pide alguna hora m\u00e1s para el trabajo personal, en la ESO pide a las patronales que traigan medidas como las que est\u00e1n en el convenio colectivo de las ikastolas, as\u00ed como el procedimiento de regulaci\u00f3n de desdobles y horas de compensaci\u00f3n en la Formaci\u00f3n Profesional.<\/p>\n\n\n\n<p>LAB pide a las patronales que traigan a la mesa estos contenidos adicionales y les muestra su disposici\u00f3n a seguir en las negociaciones. De hecho, LAB pide a Kristau Eskola y AICE-IZEA responsabilidad y no jugar a prolongar el conflicto. De no hacerlo, LAB no tiene otra v\u00eda y convocar\u00e1 huelgas y movilizaciones los d\u00edas 6, 7, 8 y 19 y 20 de febrero.<\/p>\n\n\n\n<p>Mientras las mesas de negociaci\u00f3n no se convoquen con los contenidos mencionados, seguiremos en las din\u00e1micas de huelga y movilizaci\u00f3n junto al resto de sindicatos con discurso propio, hasta conseguir lo que necesitan las y los trabajadores.<\/p>\n","protected":false},"excerpt":{"rendered":"<p>Ponemos fin a la din\u00e1mica de movilizaciones y de 5 d\u00edas de huelga en enero. En total, han sido 14 d\u00edas de huelga en este conflicto laboral. Por ello, LAB quiere felicitar a los trabajadores y trabajadoras del sector por el trabajo realizado y la lucha y el compromiso expresado. LAB pide a las patronales [&hellip;]<\/p>\n","protected":false},"author":1191,"featured_media":66960,"comment_status":"closed","ping_status":"closed","sticky":false,"template":"","format":"standard","meta":{"_monsterinsights_skip_tracking":false,"_monsterinsights_sitenote_active":false,"_monsterinsights_sitenote_note":"","_monsterinsights_sitenote_category":0,"footnotes":"","_links_to":"","_links_to_target":""},"categories":[18,3053,33,2867,6],"tags":[3028,3178,3052,2980,4290,3027],"class_list":{"0":"post-66962","1":"post","2":"type-post","3":"status-publish","4":"format-standard","5":"has-post-thumbnail","7":"category-es-accion-sindical","8":"category-centros-iniciativa-social","9":"category-es-ensenanza","10":"category-federaciones","11":"category-es-servicios-publicos","12":"tag-accion-sindical-2","13":"tag-destacado-1","14":"tag-ensenanza","15":"tag-federaciones","16":"tag-iniciativa-social","17":"tag-servicios-publicos-3"},"_links":{"self":[{"href":"https:\/\/www.lab.eus\/es\/wp-json\/wp\/v2\/posts\/66962","targetHints":{"allow":["GET"]}}],"collection":[{"href":"https:\/\/www.lab.eus\/es\/wp-json\/wp\/v2\/posts"}],"about":[{"href":"https:\/\/www.lab.eus\/es\/wp-json\/wp\/v2\/types\/post"}],"author":[{"embeddable":true,"href":"https:\/\/www.lab.eus\/es\/wp-json\/wp\/v2\/users\/1191"}],"replies":[{"embeddable":true,"href":"https:\/\/www.lab.eus\/es\/wp-json\/wp\/v2\/comments?post=66962"}],"version-history":[{"count":0,"href":"https:\/\/www.lab.eus\/es\/wp-json\/wp\/v2\/posts\/66962\/revisions"}],"wp:featuredmedia":[{"embeddable":true,"href":"https:\/\/www.lab.eus\/es\/wp-json\/wp\/v2\/media\/66960"}],"wp:attachment":[{"href":"https:\/\/www.lab.eus\/es\/wp-json\/wp\/v2\/media?parent=66962"}],"wp:term":[{"taxonomy":"category","embeddable":true,"href":"https:\/\/www.lab.eus\/es\/wp-json\/wp\/v2\/categories?post=66962"},{"taxonomy":"post_tag","embeddable":true,"href":"https:\/\/www.lab.eus\/es\/wp-json\/wp\/v2\/tags?post=66962"}],"curies":[{"name":"wp","href":"https:\/\/api.w.org\/{rel}","templated":true}]}}