{"id":66947,"date":"2024-01-24T13:08:45","date_gmt":"2024-01-24T13:08:45","guid":{"rendered":"https:\/\/www.lab.eus\/?p=66947"},"modified":"2024-01-24T13:11:51","modified_gmt":"2024-01-24T13:11:51","slug":"las-patronales-kristau-eskola-e-aice-izea-tienen-la-llave-para-superar-el-conflicto-laboral-de-los-centros-de-iniciativa-social-aportando-contenidos-a-la-mesa-de-negociacion","status":"publish","type":"post","link":"https:\/\/www.lab.eus\/es\/las-patronales-kristau-eskola-e-aice-izea-tienen-la-llave-para-superar-el-conflicto-laboral-de-los-centros-de-iniciativa-social-aportando-contenidos-a-la-mesa-de-negociacion\/","title":{"rendered":"Las patronales Kristau Eskola y AICE-IZEA tienen la llave para superar el conflicto laboral de los centros de iniciativa social aportando contenidos a la mesa de negociaci\u00f3n"},"content":{"rendered":"\n<p>Instamos a las patronales Kristau Eskola y AICE-IZEA a traer a la mesa de negociaci\u00f3n medidas para aliviar las cargas de trabajo, la inclusi\u00f3n en el convenio colectivo de un procedimiento con garant\u00edas para la recolocaci\u00f3n del personal y una propuesta para recuperar la capacidad adquisitiva en el camino de equiparar el salario con el personal p\u00fablico para desbloquear el conflicto laboral.<\/p>\n\n\n\n<p>Los y las trabajadoras del sector han secundado hoy la decimotercera jornada de huelga en lucha por la renovaci\u00f3n del convenio laboral de Iniciativa Social. Hoy tambi\u00e9n se han concentrado miles de trabajadores y trabajadoras en las calles de Gasteiz, Donostia y Bilbao a pesar los excesivos servicios m\u00ednimos decretados por el Gobierno Vasco.<\/p>\n\n\n\n<p>LAB reitera que lo conseguido en las ikastolas hay que traerlo a la mesa de Iniciativa Social y en ese camino pide a las patronales Kristau Eskola y AICE-IZEA que traigan esos contenidos a la mesa negociadora si quieren solucionar el conflicto laboral.<\/p>\n\n\n\n<p>En concreto, LAB ha reclamado una subida salarial superior al 15% para 2024, la equiparaci\u00f3n salarial de los y las educadoras de 0 a 2 a\u00f1os con los y las educadoras de 2 a\u00f1os, la inclusi\u00f3n de un procedimiento de recolocaci\u00f3n con garant\u00edas en el convenio y medidas concretas para reducir las cargas de trabajo. En Educaci\u00f3n Infantil y Primaria pide alguna hora m\u00e1s para el trabajo personal, en la ESO pide a las patronales que traigan medidas como las que est\u00e1n en el convenio colectivo de las ikastolas, as\u00ed como el procedimiento de regulaci\u00f3n de desdobles y horas de compensaci\u00f3n en la Formaci\u00f3n Profesional.<\/p>\n\n\n\n<p>LAB pide a las patronales de Iniciativa Social que traigan a la mesa estos contenidos adicionales y les muestra su disposici\u00f3n a seguir en las negociaciones. Es m\u00e1s, les exige que traslade estos contenidos a la mesa negociadora lo antes posible y que den paso a las negociaciones y no alargue m\u00e1s el conflicto.<\/p>\n\n\n\n<p>Por otro lado, LAB quiere se\u00f1alar que la equiparaci\u00f3n salarial es una gran victoria de los trabajadores y trabajadoras y que es una herramienta muy valiosa para recuperar la capacidad adquisitiva del personal. No entendemos por qu\u00e9 algunos sindicatos no quieren hablar de equiparaci\u00f3n cuando entre los contenidos que est\u00e1n sobre la mesa hay incrementos del 18% y del 20%, es decir, subidas para que los trabajadores y trabajadoras de Iniciativa Social cobren el mismo sueldo que los y las empleadas p\u00fablicas. Preguntamos al resto de sindicatos a ver por qu\u00e9 tienen que renunciar los trabajadores y trabajadoras a este incremento. \u00bfHay que renunciar a toda esa subida salarial que puede ser uno de los triunfos de esta lucha?<\/p>\n\n\n\n<p>Mientras las mesas de negociaci\u00f3n no se convoquen con los contenidos mencionados, seguiremos en las din\u00e1micas de huelga y movilizaci\u00f3n junto al resto de sindicatos LAB, con discurso propio, hasta hacerse con lo que necesitan los trabajadores.<\/p>\n","protected":false},"excerpt":{"rendered":"<p>Instamos a las patronales Kristau Eskola y AICE-IZEA a traer a la mesa de negociaci\u00f3n medidas para aliviar las cargas de trabajo, la inclusi\u00f3n en el convenio colectivo de un procedimiento con garant\u00edas para la recolocaci\u00f3n del personal y una propuesta para recuperar la capacidad adquisitiva en el camino de equiparar el salario con el personal p\u00fablico para desbloquear el conflicto laboral.<\/p>\n","protected":false},"author":1191,"featured_media":66945,"comment_status":"closed","ping_status":"closed","sticky":false,"template":"","format":"standard","meta":{"_monsterinsights_skip_tracking":false,"_monsterinsights_sitenote_active":false,"_monsterinsights_sitenote_note":"","_monsterinsights_sitenote_category":0,"footnotes":"","_links_to":"","_links_to_target":""},"categories":[18,3053,33,2867,6],"tags":[3028,3178,3052,2980,4290,3027],"class_list":{"0":"post-66947","1":"post","2":"type-post","3":"status-publish","4":"format-standard","5":"has-post-thumbnail","7":"category-es-accion-sindical","8":"category-centros-iniciativa-social","9":"category-es-ensenanza","10":"category-federaciones","11":"category-es-servicios-publicos","12":"tag-accion-sindical-2","13":"tag-destacado-1","14":"tag-ensenanza","15":"tag-federaciones","16":"tag-iniciativa-social","17":"tag-servicios-publicos-3"},"_links":{"self":[{"href":"https:\/\/www.lab.eus\/es\/wp-json\/wp\/v2\/posts\/66947","targetHints":{"allow":["GET"]}}],"collection":[{"href":"https:\/\/www.lab.eus\/es\/wp-json\/wp\/v2\/posts"}],"about":[{"href":"https:\/\/www.lab.eus\/es\/wp-json\/wp\/v2\/types\/post"}],"author":[{"embeddable":true,"href":"https:\/\/www.lab.eus\/es\/wp-json\/wp\/v2\/users\/1191"}],"replies":[{"embeddable":true,"href":"https:\/\/www.lab.eus\/es\/wp-json\/wp\/v2\/comments?post=66947"}],"version-history":[{"count":0,"href":"https:\/\/www.lab.eus\/es\/wp-json\/wp\/v2\/posts\/66947\/revisions"}],"wp:featuredmedia":[{"embeddable":true,"href":"https:\/\/www.lab.eus\/es\/wp-json\/wp\/v2\/media\/66945"}],"wp:attachment":[{"href":"https:\/\/www.lab.eus\/es\/wp-json\/wp\/v2\/media?parent=66947"}],"wp:term":[{"taxonomy":"category","embeddable":true,"href":"https:\/\/www.lab.eus\/es\/wp-json\/wp\/v2\/categories?post=66947"},{"taxonomy":"post_tag","embeddable":true,"href":"https:\/\/www.lab.eus\/es\/wp-json\/wp\/v2\/tags?post=66947"}],"curies":[{"name":"wp","href":"https:\/\/api.w.org\/{rel}","templated":true}]}}