{"id":66939,"date":"2024-01-24T11:55:49","date_gmt":"2024-01-24T11:55:49","guid":{"rendered":"https:\/\/www.lab.eus\/?p=66939"},"modified":"2024-01-24T11:55:52","modified_gmt":"2024-01-24T11:55:52","slug":"huelga-indefinida-en-tuvisa-a-partir-del-10-de-febrero","status":"publish","type":"post","link":"https:\/\/www.lab.eus\/es\/huelga-indefinida-en-tuvisa-a-partir-del-10-de-febrero\/","title":{"rendered":"Huelga indefinida en TUVISA a partir del 10 de febrero"},"content":{"rendered":"\n<p>Representantes del comit\u00e9 de enpresa de TUVISA han realizado una comparecencia en Gasteiz en la que han se\u00f1alado que, como muestra de buena voluntad y con el deseo de resolver conflicto, van a suspender los paros convocados hasta el 10 de febrero, con la esperanza que el equipo de gobierno, formado por PSOE y PNV, junto con el resto de partidos que conforman el Consejo de Administraci\u00f3n, asuman, de una vez por todas, su responsabilidad y decidan implicarse para alcanzar una soluci\u00f3n satisfactoria y terminar con este conflicto. Si no es as\u00ed, el 10 de febrero s\u00e1bado iniciar\u00e1n una huelga indefinida. El comit\u00e9 trabajar\u00e1 incansablemente para no llegar a ese escenario por nadie deseado.<\/p>\n","protected":false},"excerpt":{"rendered":"<p>Representantes del comit\u00e9 de enpresa de TUVISA han realizado una comparecencia en Gasteiz en la que han se\u00f1alado que, como muestra de buena voluntad y con el deseo de resolver conflicto, van a suspender los paros convocados hasta el 10 de febrero, con la esperanza que el equipo de gobierno, formado por PSOE y PNV, junto con el resto de partidos que conforman el Consejo de Administraci\u00f3n, asuman, de una vez por todas, su responsabilidad y decidan implicarse para alcanzar una soluci\u00f3n satisfactoria y terminar con este conflicto. Si no es as\u00ed, el 10 de febrero s\u00e1bado iniciar\u00e1n una huelga indefinida. El comit\u00e9 trabajar\u00e1 incansablemente para no llegar a ese escenario por nadie deseado.<\/p>\n","protected":false},"author":1191,"featured_media":66937,"comment_status":"closed","ping_status":"closed","sticky":false,"template":"","format":"standard","meta":{"_monsterinsights_skip_tracking":false,"_monsterinsights_sitenote_active":false,"_monsterinsights_sitenote_note":"","_monsterinsights_sitenote_category":0,"footnotes":"","_links_to":"","_links_to_target":""},"categories":[18,2867,6,3120],"tags":[3028,3178,2980,3027,4423],"class_list":{"0":"post-66939","1":"post","2":"type-post","3":"status-publish","4":"format-standard","5":"has-post-thumbnail","7":"category-es-accion-sindical","8":"category-federaciones","9":"category-es-servicios-publicos","10":"category-transporte","11":"tag-accion-sindical-2","12":"tag-destacado-1","13":"tag-federaciones","14":"tag-servicios-publicos-3","15":"tag-tuvisa"},"_links":{"self":[{"href":"https:\/\/www.lab.eus\/es\/wp-json\/wp\/v2\/posts\/66939","targetHints":{"allow":["GET"]}}],"collection":[{"href":"https:\/\/www.lab.eus\/es\/wp-json\/wp\/v2\/posts"}],"about":[{"href":"https:\/\/www.lab.eus\/es\/wp-json\/wp\/v2\/types\/post"}],"author":[{"embeddable":true,"href":"https:\/\/www.lab.eus\/es\/wp-json\/wp\/v2\/users\/1191"}],"replies":[{"embeddable":true,"href":"https:\/\/www.lab.eus\/es\/wp-json\/wp\/v2\/comments?post=66939"}],"version-history":[{"count":0,"href":"https:\/\/www.lab.eus\/es\/wp-json\/wp\/v2\/posts\/66939\/revisions"}],"wp:featuredmedia":[{"embeddable":true,"href":"https:\/\/www.lab.eus\/es\/wp-json\/wp\/v2\/media\/66937"}],"wp:attachment":[{"href":"https:\/\/www.lab.eus\/es\/wp-json\/wp\/v2\/media?parent=66939"}],"wp:term":[{"taxonomy":"category","embeddable":true,"href":"https:\/\/www.lab.eus\/es\/wp-json\/wp\/v2\/categories?post=66939"},{"taxonomy":"post_tag","embeddable":true,"href":"https:\/\/www.lab.eus\/es\/wp-json\/wp\/v2\/tags?post=66939"}],"curies":[{"name":"wp","href":"https:\/\/api.w.org\/{rel}","templated":true}]}}