{"id":66926,"date":"2024-01-23T16:06:36","date_gmt":"2024-01-23T16:06:36","guid":{"rendered":"https:\/\/www.lab.eus\/?p=66926"},"modified":"2024-01-23T16:06:37","modified_gmt":"2024-01-23T16:06:37","slug":"cebek-sigue-sin-retirar-los-retrocesos-en-la-negociacion-del-convenio-de-artes-graficas-de-bizkaia","status":"publish","type":"post","link":"https:\/\/www.lab.eus\/es\/cebek-sigue-sin-retirar-los-retrocesos-en-la-negociacion-del-convenio-de-artes-graficas-de-bizkaia\/","title":{"rendered":"CEBEK sigue sin retirar los retrocesos en la negociaci\u00f3n del Convenio de Artes Gr\u00e1ficas de Bizkaia"},"content":{"rendered":"\n<p>Hoy 23 de enero del 2024 hemos mantenido una nueva reuni\u00f3n de la mesa negociadora del Convenio Colectivo de Artes Gr\u00e1ficas de Bizkaia. En esta octava convocatoria la patronal sigue sin quitar de la negociaci\u00f3n los planteamientos regresivos: sigue sin proponer subidas vinculadas al IPC, contin\u00faa insistiendo en retroceder en las condiciones sobre las IT y de la misma manera quiere recortar la antig\u00fcedad<\/p>\n\n\n\n<p>Pero adem\u00e1s, sigue condicionando la negociaci\u00f3n a que los sindicatos aceptemos sus condiciones tanto de negociaci\u00f3n como de contenidos sobre flexibilidad obligatoria.<\/p>\n\n\n\n<p>Desde LAB no tenemos ninguna intenci\u00f3n de actualizar este convenio a costa de las condiciones laborales, no vamos aceptar retrocesos en el sector y tenemos la ilusi\u00f3n de poder alcanzar un Convenio justo para Artes Gr\u00e1ficas de Bizkaia<\/p>\n\n\n\n<p>Para ello pensamos que el camino debe de ser el de avanzar en las alianzas.&nbsp; As\u00ed como la organizaci\u00f3n y lucha del sector. Una lucha en la que las personas trabajadoras del sector cojan la palabra y dejen claro que quieren un convenio que avance en condiciones laborales y con el que se recupere el poder adquisitivo.<\/p>\n\n\n\n<p>En un mes nos volveremos a reunir y esperamos que en esta ocasi\u00f3n se den avances importantes, de lo contrario, nos encontrar\u00edamos ante un bloqueo importante en la mesa.<\/p>\n","protected":false},"excerpt":{"rendered":"<p>Hoy 23 de enero del 2024 hemos mantenido una nueva reuni\u00f3n de la mesa negociadora del Convenio Colectivo de Artes Gr\u00e1ficas de Bizkaia. En esta octava convocatoria la patronal sigue sin quitar de la negociaci\u00f3n los planteamientos regresivos: sigue sin proponer subidas vinculadas al IPC, contin\u00faa insistiendo en retroceder en las condiciones sobre las IT y de la misma manera quiere recortar la antig\u00fcedad<\/p>\n","protected":false},"author":1191,"featured_media":60122,"comment_status":"closed","ping_status":"closed","sticky":false,"template":"","format":"standard","meta":{"_monsterinsights_skip_tracking":false,"_monsterinsights_sitenote_active":false,"_monsterinsights_sitenote_note":"","_monsterinsights_sitenote_category":0,"footnotes":"","_links_to":"","_links_to_target":""},"categories":[18,100,2867,2868],"tags":[3028,4046,4155,3178,2980,2979],"class_list":{"0":"post-66926","1":"post","2":"type-post","3":"status-publish","4":"format-standard","5":"has-post-thumbnail","7":"category-es-accion-sindical","8":"category-es-artes-graficas","9":"category-federaciones","10":"category-industria-es","11":"tag-accion-sindical-2","12":"tag-artes-graficas-2","13":"tag-artes-graficas-de-bizkaia","14":"tag-destacado-1","15":"tag-federaciones","16":"tag-industria-2"},"_links":{"self":[{"href":"https:\/\/www.lab.eus\/es\/wp-json\/wp\/v2\/posts\/66926","targetHints":{"allow":["GET"]}}],"collection":[{"href":"https:\/\/www.lab.eus\/es\/wp-json\/wp\/v2\/posts"}],"about":[{"href":"https:\/\/www.lab.eus\/es\/wp-json\/wp\/v2\/types\/post"}],"author":[{"embeddable":true,"href":"https:\/\/www.lab.eus\/es\/wp-json\/wp\/v2\/users\/1191"}],"replies":[{"embeddable":true,"href":"https:\/\/www.lab.eus\/es\/wp-json\/wp\/v2\/comments?post=66926"}],"version-history":[{"count":0,"href":"https:\/\/www.lab.eus\/es\/wp-json\/wp\/v2\/posts\/66926\/revisions"}],"wp:featuredmedia":[{"embeddable":true,"href":"https:\/\/www.lab.eus\/es\/wp-json\/wp\/v2\/media\/60122"}],"wp:attachment":[{"href":"https:\/\/www.lab.eus\/es\/wp-json\/wp\/v2\/media?parent=66926"}],"wp:term":[{"taxonomy":"category","embeddable":true,"href":"https:\/\/www.lab.eus\/es\/wp-json\/wp\/v2\/categories?post=66926"},{"taxonomy":"post_tag","embeddable":true,"href":"https:\/\/www.lab.eus\/es\/wp-json\/wp\/v2\/tags?post=66926"}],"curies":[{"name":"wp","href":"https:\/\/api.w.org\/{rel}","templated":true}]}}