{"id":66910,"date":"2024-01-23T12:51:43","date_gmt":"2024-01-23T12:51:43","guid":{"rendered":"https:\/\/www.lab.eus\/?p=66910"},"modified":"2024-01-23T13:06:14","modified_gmt":"2024-01-23T13:06:14","slug":"alcanzamos-un-acuerdo-para-el-convenio-del-sector-agropecuario-que-recoje-importantes-mejoras-laborales-para-el-campo-navarro-entre-ellas-el-descanso-de-dos-dias","status":"publish","type":"post","link":"https:\/\/www.lab.eus\/es\/alcanzamos-un-acuerdo-para-el-convenio-del-sector-agropecuario-que-recoje-importantes-mejoras-laborales-para-el-campo-navarro-entre-ellas-el-descanso-de-dos-dias\/","title":{"rendered":"Alcanzamos un acuerdo para el convenio del sector agropecuario que recoge importantes mejoras laborales para el campo navarro, entre ellas el descanso de dos d\u00edas"},"content":{"rendered":"\n<p>Hoy, martes 23 de enero, el sindicato LAB ha logrado un acuerdo para el convenio que regula las condiciones laborales del campo navarro, ya que recoger\u00e1 las principales reivindicaciones que los y las trabajadoras han defendido. Adem\u00e1s de LAB, segunda fuerza del sector, tambi\u00e9n se han sumado al acuerdo los sindicatos CCOO y UGT y la patronal del sector, compuesta por UAGN, UCAN y EHNE. El convenio regular\u00e1 las condiciones de trabajo de los a\u00f1os 2023, 2024 y 2025 e incluye, entre otras muchas mejoras, el descanso semanal de dos d\u00edas, algo por lo que precisamente se moviliz\u00f3 LAB el pasado domingo.<\/p>\n\n\n\n<p>Tal y ha ido afirmando este sindicato durante los \u00faltimos meses, el convenio de este sector deber\u00eda servir para mejorar realmente las condiciones laborales y en este acuerdo se recogen las principales reivindicaciones que LAB, junto con los y las trabajadoras del sector, ha defendido tanto en la mesa de negociaci\u00f3n como en la calle.<\/p>\n\n\n\n<p>Desde el principio de la negociaci\u00f3n del convenio del campo navarro, LAB ha exigido una serie de mejoras que deb\u00edan incluirse para garantizar un trabajo y vida digna para las personas trabajadoras del campo, y hoy se ha conseguido que se recojan la mayor\u00eda de ellas.<\/p>\n\n\n\n<p>Por un lado, se ha conseguido que los salarios del sector se incrementen con subidas ligadas al IPC, garantizando as\u00ed que suban al igual que lo hacen los precios de consumo; y se han mejorado las retribuciones econ\u00f3micas por el trabajo en domingo y festivo. Tambi\u00e9n se reduce ocho horas la jornada de trabajo, teniendo los y las trabajadoras m\u00e1s tiempo libre para su vida y descanso.<\/p>\n\n\n\n<p>Adem\u00e1s, se incluyen en el convenio medidas contra el fraude y la precariedad, como el control de la jornada de trabajo de manera digital para todas las empresas de m\u00e1s de 15 trabajadores y trabajadoras, y se mejoran las condiciones para los contratos fijos-discontinuos, y se garantiza el derecho de los y las trabajadoras a cobrar el paro en los d\u00edas de inactividad.<\/p>\n\n\n\n<p>Por otro lado, se ha conseguido que la patronal acepte tener en cuenta el origen de la gran mayor\u00eda de las personas trabajadoras del campo, incluyendo la posibilidad de acogerse a permisos para unirlos a posibles hospitalizaciones o fallecimientos de familiares en su pa\u00eds de origen.<\/p>\n\n\n\n<p>Adem\u00e1s, se han creado dos grupos de trabajo con fechas concretas y objetivos definidos. Uno de ellos ser\u00e1 para analizar las categor\u00edas del convenio, el uso y ascenso de las mismas con la ambici\u00f3n de eliminar la categor\u00eda de pe\u00f3n-recolector, una categor\u00eda utilizada por la patronal y empresas de servicios y ETTs que ponen a personal a disposici\u00f3n, para explotar a trabajadores y trabajadoras en el campo. En el otro se trabajar\u00e1n protocolos para las situaciones de fr\u00edo y calor extremo, en los que se regulen medidas eficaces y de obligado cumplimiento para las empresas del sector, y para prevenir situaciones de acoso.<\/p>\n\n\n\n<p>Y para acabar, se ha aceptado la \u00faltima de las reivindicaciones que los y las trabajadoras del campo defendieron este mismo domingo en Iru\u00f1ea, y se han incluido dos d\u00edas de descanso semanal y ampliado la jornada continua de mayo a octubre, siendo un gran avance en el derecho al descanso que se exig\u00eda.<\/p>\n\n\n\n<p>El sindicato LAB hace una valoraci\u00f3n muy positiva del acuerdo alcanzado hoy con la patronal del sector agropecuario, ya que pone unas bases firmes para seguir avanzando en la dignificaci\u00f3n del trabajo en el campo navarro y en la vida de las personas que lo trabajan. Es evidente que las movilizaciones de los y las trabajadoras del campo han servido para mejorar las condiciones laborales de manera real y con la lucha han conseguido que sus reivindicaciones sean tenidas en cuenta y recogidas en un convenio sectorial que afecta a m\u00e1s de mil personas trabajadoras.<\/p>\n","protected":false},"excerpt":{"rendered":"<p>Hoy, martes 23 de enero, el sindicato LAB ha logrado un acuerdo para el convenio que regula las condiciones laborales del campo navarro, ya que recoger\u00e1 las principales reivindicaciones que los y las trabajadoras han defendido. Adem\u00e1s de LAB, segunda fuerza del sector, tambi\u00e9n se han sumado al acuerdo los sindicatos CCOO y UGT y la patronal del sector compuesta por UAGN, UCAN y EHNE. El convenio regular\u00e1 las condiciones de trabajo de los a\u00f1os 2023, 2024 y 2025 e incluye, entre otras muchas mejoras, el descanso semanal de dos d\u00edas, algo por lo que precisamente se moviliz\u00f3 LAB el pasado domingo.<\/p>\n","protected":false},"author":1191,"featured_media":66914,"comment_status":"closed","ping_status":"closed","sticky":false,"template":"","format":"standard","meta":{"_monsterinsights_skip_tracking":false,"_monsterinsights_sitenote_active":false,"_monsterinsights_sitenote_note":"","_monsterinsights_sitenote_category":0,"footnotes":"","_links_to":"","_links_to_target":""},"categories":[18,2867,8],"tags":[3033,3028,4506,4507,3179,3066,2980,3080,3172],"class_list":{"0":"post-66910","1":"post","2":"type-post","3":"status-publish","4":"format-standard","5":"has-post-thumbnail","7":"category-es-accion-sindical","8":"category-federaciones","9":"category-es-servicios-privados","10":"tag-accion-sindical-es","11":"tag-accion-sindical-2","12":"tag-agropecuario","13":"tag-campo","14":"tag-destacado-2","15":"tag-federaciones-es","16":"tag-federaciones","17":"tag-servicios-privados","18":"tag-servicios-privados-es"},"_links":{"self":[{"href":"https:\/\/www.lab.eus\/es\/wp-json\/wp\/v2\/posts\/66910","targetHints":{"allow":["GET"]}}],"collection":[{"href":"https:\/\/www.lab.eus\/es\/wp-json\/wp\/v2\/posts"}],"about":[{"href":"https:\/\/www.lab.eus\/es\/wp-json\/wp\/v2\/types\/post"}],"author":[{"embeddable":true,"href":"https:\/\/www.lab.eus\/es\/wp-json\/wp\/v2\/users\/1191"}],"replies":[{"embeddable":true,"href":"https:\/\/www.lab.eus\/es\/wp-json\/wp\/v2\/comments?post=66910"}],"version-history":[{"count":0,"href":"https:\/\/www.lab.eus\/es\/wp-json\/wp\/v2\/posts\/66910\/revisions"}],"wp:featuredmedia":[{"embeddable":true,"href":"https:\/\/www.lab.eus\/es\/wp-json\/wp\/v2\/media\/66914"}],"wp:attachment":[{"href":"https:\/\/www.lab.eus\/es\/wp-json\/wp\/v2\/media?parent=66910"}],"wp:term":[{"taxonomy":"category","embeddable":true,"href":"https:\/\/www.lab.eus\/es\/wp-json\/wp\/v2\/categories?post=66910"},{"taxonomy":"post_tag","embeddable":true,"href":"https:\/\/www.lab.eus\/es\/wp-json\/wp\/v2\/tags?post=66910"}],"curies":[{"name":"wp","href":"https:\/\/api.w.org\/{rel}","templated":true}]}}