{"id":66904,"date":"2024-01-23T12:01:05","date_gmt":"2024-01-23T12:01:05","guid":{"rendered":"https:\/\/www.lab.eus\/?p=66904"},"modified":"2024-01-23T12:01:08","modified_gmt":"2024-01-23T12:01:08","slug":"al-cumplirse-su-12a-jornada-de-huelga-los-y-las-trabajadoras-de-iniciativa-social-llenan-las-calles-de-gasteiz-en-defensa-de-un-convenio-laboral-digno","status":"publish","type":"post","link":"https:\/\/www.lab.eus\/es\/al-cumplirse-su-12a-jornada-de-huelga-los-y-las-trabajadoras-de-iniciativa-social-llenan-las-calles-de-gasteiz-en-defensa-de-un-convenio-laboral-digno\/","title":{"rendered":"Al cumplirse su 12\u00aa jornada de huelga, los y las trabajadoras de Iniciativa Social llenan las calles de Gasteiz en defensa de un convenio laboral digno"},"content":{"rendered":"\n<p>LAB insta a las patronales Kristau Eskola y AICE-IZEA a traer a la mesa de negociaci\u00f3n medidas para aliviar las cargas de trabajo, la inclusi\u00f3n en el convenio colectivo de un procedimiento con garant\u00edas para la recolocaci\u00f3n del personal y una propuesta para recuperar la capacidad adquisitiva en el camino de equiparar el salario con el personal p\u00fablico para desbloquear el conflicto laboral.<\/p>\n\n\n\n<p><a><\/a><a><\/a>Los trabajadores y trabajadoras de Iniciativa Social han celebrado hoy su duod\u00e9cima jornada de huelga en la lucha por la renovaci\u00f3n del convenio laboral de Iniciativa Social. Hoy tambi\u00e9n miles de trabajadores y trabajadoras se han manifestado en las calles de Gasteiz a pesar los servicios m\u00ednimos excesivos decretados por el Gobierno Vasco.<\/p>\n\n\n\n<p>LAB quiere reiterar que lo conseguido en las ikastolas hay que traerlo a la mesa de Iniciativa Social y que, en ese camino, las patronales Kristau Eskola y AICE-IZEA tienen que aportar m\u00e1s contenidos. En concreto, LAB ha reclamado una subida salarial superior al 15% para 2024, la equiparaci\u00f3n salarial de los y las educadoras de 0 a 2 a\u00f1os con los y las educadoras de 2 a\u00f1os, la inclusi\u00f3n de un procedimiento de recolocaci\u00f3n con garant\u00edas en el convenio y medidas concretas para reducir las cargas de trabajo. En Educaci\u00f3n Infantil y Primaria pide alguna hora m\u00e1s para el trabajo personal, en la ESO pide a las patronales que traigan medidas como las que est\u00e1n en el convenio colectivo de las ikastolas, as\u00ed como el procedimiento de regulaci\u00f3n de desdobles y horas de compensaci\u00f3n en la Formaci\u00f3n Profesional.<\/p>\n\n\n\n<p>LAB pide a las patronales que traigan a la mesa estos requerimientos adicionales y les muestra su disposici\u00f3n a seguir en las negociaciones.<\/p>\n\n\n\n<p>Por otro lado, LAB quiere se\u00f1alar que la equiparaci\u00f3n salarial es un gran logro de los trabajadores y trabajadoras y que no se le puede quitar ni ocultar la importancia que tiene. Es incomprensible que algunos sindicatos no quieran hablar de la equiparaci\u00f3n o quieran ocultarlo incluso, ya que es un logro de los trabajadores y trabajadoras de los centros de ense\u00f1anza de Iniciativa Social.<\/p>\n\n\n\n<p>Dicho todo esto, en la propuesta de adquisici\u00f3n de la equiparaci\u00f3n salarial en 2027 queremos trasladar la necesidad de un incremento salarial que garantice la capacidad adquisitiva para 2024 y pedir a las patronales que lo hagan. Mientras tanto, seguiremos con el resto de sindicatos en din\u00e1micas de huelgas y movilizaciones, con un discurso propio hasta conseguir lo que los y las trabajadoras necesiten.<\/p>\n","protected":false},"excerpt":{"rendered":"<p>LAB insta a las patronales Kristau Eskola y AICE-IZEA a traer a la mesa de negociaci\u00f3n medidas para aliviar las cargas de trabajo, la inclusi\u00f3n en el convenio colectivo de un procedimiento con garant\u00edas para la recolocaci\u00f3n del personal y una propuesta para recuperar la capacidad adquisitiva en el camino de equiparar el salario con [&hellip;]<\/p>\n","protected":false},"author":1191,"featured_media":66901,"comment_status":"closed","ping_status":"closed","sticky":false,"template":"","format":"standard","meta":{"_monsterinsights_skip_tracking":false,"_monsterinsights_sitenote_active":false,"_monsterinsights_sitenote_note":"","_monsterinsights_sitenote_category":0,"footnotes":"","_links_to":"","_links_to_target":""},"categories":[18,3053,33,2867,6],"tags":[3033,3178,3194,3066,3171],"class_list":{"0":"post-66904","1":"post","2":"type-post","3":"status-publish","4":"format-standard","5":"has-post-thumbnail","7":"category-es-accion-sindical","8":"category-centros-iniciativa-social","9":"category-es-ensenanza","10":"category-federaciones","11":"category-es-servicios-publicos","12":"tag-accion-sindical-es","13":"tag-destacado-1","14":"tag-ensenanza-es","15":"tag-federaciones-es","16":"tag-servicios-publicos-es"},"_links":{"self":[{"href":"https:\/\/www.lab.eus\/es\/wp-json\/wp\/v2\/posts\/66904","targetHints":{"allow":["GET"]}}],"collection":[{"href":"https:\/\/www.lab.eus\/es\/wp-json\/wp\/v2\/posts"}],"about":[{"href":"https:\/\/www.lab.eus\/es\/wp-json\/wp\/v2\/types\/post"}],"author":[{"embeddable":true,"href":"https:\/\/www.lab.eus\/es\/wp-json\/wp\/v2\/users\/1191"}],"replies":[{"embeddable":true,"href":"https:\/\/www.lab.eus\/es\/wp-json\/wp\/v2\/comments?post=66904"}],"version-history":[{"count":0,"href":"https:\/\/www.lab.eus\/es\/wp-json\/wp\/v2\/posts\/66904\/revisions"}],"wp:featuredmedia":[{"embeddable":true,"href":"https:\/\/www.lab.eus\/es\/wp-json\/wp\/v2\/media\/66901"}],"wp:attachment":[{"href":"https:\/\/www.lab.eus\/es\/wp-json\/wp\/v2\/media?parent=66904"}],"wp:term":[{"taxonomy":"category","embeddable":true,"href":"https:\/\/www.lab.eus\/es\/wp-json\/wp\/v2\/categories?post=66904"},{"taxonomy":"post_tag","embeddable":true,"href":"https:\/\/www.lab.eus\/es\/wp-json\/wp\/v2\/tags?post=66904"}],"curies":[{"name":"wp","href":"https:\/\/api.w.org\/{rel}","templated":true}]}}