{"id":66758,"date":"2024-01-17T14:42:39","date_gmt":"2024-01-17T14:42:39","guid":{"rendered":"https:\/\/www.lab.eus\/?p=66758"},"modified":"2024-01-17T14:42:42","modified_gmt":"2024-01-17T14:42:42","slug":"firmada-la-actualizacion-de-las-tablas-de-la-industria-de-la-madera-de-araba-con-un-108-de-revision","status":"publish","type":"post","link":"https:\/\/www.lab.eus\/es\/firmada-la-actualizacion-de-las-tablas-de-la-industria-de-la-madera-de-araba-con-un-108-de-revision\/","title":{"rendered":"Firmada la actualizaci\u00f3n de las tablas de la industria de la madera de Araba, con un 10,8% de revisi\u00f3n"},"content":{"rendered":"\n<p>Adem\u00e1s, se ha fijado febrero para comenzar con la negociaci\u00f3n del convenio que renueve el actual.<\/p>\n\n\n\n<p>Hoy, 17 de enero de 2024, se ha firmado la actualizaci\u00f3n de las tablas salariales de la Industria de la Madera de Araba, con una revisi\u00f3n del 10,8% sobre las tablas de 2023. As\u00ed, se cumple con la cl\u00e1usula de revisi\u00f3n del IPC que se firm\u00f3 en el convenio para los a\u00f1os 2021-2023, donde se acord\u00f3 que si el IPC de los a\u00f1os de vigencia era superior a las subidas pactadas, a la finalizaci\u00f3n de este se actualizar\u00edan las diferencias.<\/p>\n\n\n\n<p>Queremos recordar el papel determinante que jug\u00f3 el sindicato LAB durante la negociaci\u00f3n, recuperando la referencia al IPC que se hab\u00eda perdido en el convenio anterior (2016-2018), del cual no fuimos firmantes. Cuando se firm\u00f3 el preacuerdo del convenio, en julio del a\u00f1o 2021, ven\u00edamos de un IPC del 2020 del -0.5%, y el acumulado de julio estaba en el 1,8%. Nada hac\u00eda apuntar que este \u00edndice se desbordar\u00eda, como lo hizo el \u00faltimo trimestre de aquel a\u00f1o y los sucesivos, con lo que cobra todav\u00eda m\u00e1s importancia la presi\u00f3n que ejercimos en la mesa para recuperar dicho indicador, el cual ha servido adem\u00e1s de base para otros convenios.<\/p>\n\n\n\n<p>Adem\u00e1s, en el convenio anterior se consolid\u00f3 la paga de San Jos\u00e9, pasando de 20 a 30 d\u00edas (una paga completa). Todo ello ha supuesto que las personas a las que se les aplica el convenio de la Industria de la Madera de Araba van a ver incrementados sus salarios en un 18% respecto a la \u00faltima tabla publicada del convenio anterior. Gracias a la labor desempe\u00f1ada por LAB en la mesa negociadora, las personas que trabajan en la Madera de Araba van a ver su poder adquisitivo garantizado. Porque a LAB no solo le vale el acuerdo por el acuerdo, sino que este debe ser un BUEN acuerdo.<\/p>\n\n\n\n<p>As\u00ed mismo, y una vez finalizada la vigencia del convenio actual, las partes nos hemos citado para comenzar con la negociaci\u00f3n del nuevo convenio para febrero. Desde LAB tenemos claro por d\u00f3nde pasan los contenidos de un nuevo convenio, entre otros:<\/p>\n\n\n\n<ul class=\"wp-block-list\">\n<li>Subidas con referencias al IPC.<\/li>\n\n\n\n<li>Bajada de horas.<\/li>\n\n\n\n<li>Mejoras en la conciliaci\u00f3n.<\/li>\n\n\n\n<li>Mejorar los complementos de IT.<\/li>\n\n\n\n<li>Acabar con la desigualdad del sector.<\/li>\n<\/ul>\n\n\n\n<p>Ahora toca pelear. Porque la movilizaci\u00f3n y la lucha son las \u00fanicas garant\u00edas de un convenio digno para el sector. Es por eso que desde LAB mantendremos informadas a las personas que trabajan en la Madera sobre el desarrollo de la negociaci\u00f3n, y animamos a participar en las diferentes din\u00e1micas de cara a impulsar la negociaci\u00f3n. Desde la oportunidad que nos da ser primera fuerza del sector, con responsabilidad y ambici\u00f3n.<\/p>\n","protected":false},"excerpt":{"rendered":"<p>Adem\u00e1s, se ha fijado febrero para comenzar con la negociaci\u00f3n del convenio que renueve el actual.<\/p>\n","protected":false},"author":1191,"featured_media":66756,"comment_status":"closed","ping_status":"closed","sticky":false,"template":"","format":"standard","meta":{"_monsterinsights_skip_tracking":false,"_monsterinsights_sitenote_active":false,"_monsterinsights_sitenote_note":"","_monsterinsights_sitenote_category":0,"footnotes":"","_links_to":"","_links_to_target":""},"categories":[18,2867,90,2868],"tags":[3028,3178,2980,2979,4080,4499],"class_list":{"0":"post-66758","1":"post","2":"type-post","3":"status-publish","4":"format-standard","5":"has-post-thumbnail","7":"category-es-accion-sindical","8":"category-federaciones","9":"category-es-industia-de-la-madera","10":"category-industria-es","11":"tag-accion-sindical-2","12":"tag-destacado-1","13":"tag-federaciones","14":"tag-industria-2","15":"tag-madera","16":"tag-madera-de-araba"},"_links":{"self":[{"href":"https:\/\/www.lab.eus\/es\/wp-json\/wp\/v2\/posts\/66758","targetHints":{"allow":["GET"]}}],"collection":[{"href":"https:\/\/www.lab.eus\/es\/wp-json\/wp\/v2\/posts"}],"about":[{"href":"https:\/\/www.lab.eus\/es\/wp-json\/wp\/v2\/types\/post"}],"author":[{"embeddable":true,"href":"https:\/\/www.lab.eus\/es\/wp-json\/wp\/v2\/users\/1191"}],"replies":[{"embeddable":true,"href":"https:\/\/www.lab.eus\/es\/wp-json\/wp\/v2\/comments?post=66758"}],"version-history":[{"count":0,"href":"https:\/\/www.lab.eus\/es\/wp-json\/wp\/v2\/posts\/66758\/revisions"}],"wp:featuredmedia":[{"embeddable":true,"href":"https:\/\/www.lab.eus\/es\/wp-json\/wp\/v2\/media\/66756"}],"wp:attachment":[{"href":"https:\/\/www.lab.eus\/es\/wp-json\/wp\/v2\/media?parent=66758"}],"wp:term":[{"taxonomy":"category","embeddable":true,"href":"https:\/\/www.lab.eus\/es\/wp-json\/wp\/v2\/categories?post=66758"},{"taxonomy":"post_tag","embeddable":true,"href":"https:\/\/www.lab.eus\/es\/wp-json\/wp\/v2\/tags?post=66758"}],"curies":[{"name":"wp","href":"https:\/\/api.w.org\/{rel}","templated":true}]}}