{"id":66751,"date":"2024-01-17T14:08:56","date_gmt":"2024-01-17T14:08:56","guid":{"rendered":"https:\/\/www.lab.eus\/?p=66751"},"modified":"2024-01-17T14:10:41","modified_gmt":"2024-01-17T14:10:41","slug":"denunciamos-que-el-gobierno-de-la-cav-ha-superado-los-servicios-minimos-de-huelgas-anteriores-y-que-aun-asi-las-y-los-trabajadores-de-centros-de-iniciativa-social-de-han-llenado-las-calles","status":"publish","type":"post","link":"https:\/\/www.lab.eus\/es\/denunciamos-que-el-gobierno-de-la-cav-ha-superado-los-servicios-minimos-de-huelgas-anteriores-y-que-aun-asi-las-y-los-trabajadores-de-centros-de-iniciativa-social-de-han-llenado-las-calles\/","title":{"rendered":"Denunciamos que el Gobierno de la CAV ha superado los servicios m\u00ednimos de huelgas anteriores y que a\u00fan as\u00ed, las y los trabajadores de centros de Iniciativa Social han llenado las calles"},"content":{"rendered":"\n<p>Se\u00f1alamos que lo que ha sido posible en las ikastolas debe hacerse posible en los centros de Iniciativa Social y reclamamos a las patronales Kristau Eskola y AICE-IZEA que garanticen el poder adquisitivo para 2024 mientras se consiga la equiparaci\u00f3n, que se alivien las cargas de trabajo y mejoras para las y los trabajadores de los sectores m\u00e1s feminizados y precarizados.<\/p>\n\n\n\n<p>Las y los trabajadores de los centros de Iniciativa Social han llevado a cabo hoy su d\u00e9cima jornada de lucha por la renovaci\u00f3n del convenio colectivo de Iniciativa Social, y t\u00e1mbien hoy, miles de personas han participado en las movilizaciones de Bilbao, Donostia y Gasteiz.<\/p>\n\n\n\n<p>LAB considera que las patronales han tra\u00eddo contenidos a las reuniones, pero que por el momento no son suficientes. En esta direcci\u00f3n les hemos pedido una subida salarial para 2024 superior al 15%, equiparaci\u00f3n salarial de las y los educadores de 0 a 2 a\u00f1os con los y las educadoras de 2 a\u00f1os, inclusi\u00f3n en el convenio laboral de una cl\u00e1usula de recolocaci\u00f3n garantizada y medidas concretas para reducir las cargas de trabajo. En Educaci\u00f3n Infantil y Primaria hay que aumentar el n\u00famero de horas complementarias para el trabajo propio, deber\u00edan aportar a la mesa el n\u00famero de horas lectivas que tienen en la ESO en el convenio laboral de las ikastolas y en la Formaci\u00f3n Profesional se requiere un procedimiento de regulaci\u00f3n de duplicidades y horas adicionales de compensaci\u00f3n.<\/p>\n\n\n\n<p>LAB reclama a las patronales que traigan a la mesa esas peticiones adicionales y muestra su disposici\u00f3n a seguir negociando. El acuerdo firmado ayer en las Ikastolas nos situar\u00eda en la direcci\u00f3n de alcanzar y firmar un nuevo convenio en Iniciativa Social.<\/p>\n\n\n\n<p>Por otro lado, queremos denunciar que los servicios m\u00ednimos que ayer dio a conocer el Gobierno son abusivos y han superado los servicios m\u00ednimos de anteriores huelgas. Esto ha negado el derecho de huelga a las y los Especialistas de Apoyo Educativo y es inaceptable. Por ello, se\u00f1alamos que vamos a abordar la v\u00eda jur\u00eddica.<\/p>\n\n\n\n<p>Por \u00faltimo, se\u00f1alamos que hemos convocado otras cuatro jornadas de huelga los d\u00edas 18, 23, 24 y 25 de enero junto con el resto de sindicatos. Ma\u00f1ana nos movilizaremos a las 11.30 en el colegio Aldapeta de Donostia.<\/p>\n","protected":false},"excerpt":{"rendered":"<p>Se\u00f1alamos que lo que ha sido posible en las ikastolas debe hacerse posible en los centros de Iniciativa Social y reclamamos a las patronales Kristau Eskola y AICE-IZEA que garanticen el poder adquisitivo para 2024 mientras se consiga la equiparaci\u00f3n, que se alivien las cargas de trabajo y mejoras para las y los trabajadores de los sectores m\u00e1s feminizados y precarizados.<\/p>\n","protected":false},"author":1191,"featured_media":66749,"comment_status":"closed","ping_status":"closed","sticky":false,"template":"","format":"standard","meta":{"_monsterinsights_skip_tracking":false,"_monsterinsights_sitenote_active":false,"_monsterinsights_sitenote_note":"","_monsterinsights_sitenote_category":0,"footnotes":"","_links_to":"","_links_to_target":""},"categories":[18,3053,33,2867,6],"tags":[3033,3178,3194,3066,4290,3171],"class_list":{"0":"post-66751","1":"post","2":"type-post","3":"status-publish","4":"format-standard","5":"has-post-thumbnail","7":"category-es-accion-sindical","8":"category-centros-iniciativa-social","9":"category-es-ensenanza","10":"category-federaciones","11":"category-es-servicios-publicos","12":"tag-accion-sindical-es","13":"tag-destacado-1","14":"tag-ensenanza-es","15":"tag-federaciones-es","16":"tag-iniciativa-social","17":"tag-servicios-publicos-es"},"_links":{"self":[{"href":"https:\/\/www.lab.eus\/es\/wp-json\/wp\/v2\/posts\/66751","targetHints":{"allow":["GET"]}}],"collection":[{"href":"https:\/\/www.lab.eus\/es\/wp-json\/wp\/v2\/posts"}],"about":[{"href":"https:\/\/www.lab.eus\/es\/wp-json\/wp\/v2\/types\/post"}],"author":[{"embeddable":true,"href":"https:\/\/www.lab.eus\/es\/wp-json\/wp\/v2\/users\/1191"}],"replies":[{"embeddable":true,"href":"https:\/\/www.lab.eus\/es\/wp-json\/wp\/v2\/comments?post=66751"}],"version-history":[{"count":0,"href":"https:\/\/www.lab.eus\/es\/wp-json\/wp\/v2\/posts\/66751\/revisions"}],"wp:featuredmedia":[{"embeddable":true,"href":"https:\/\/www.lab.eus\/es\/wp-json\/wp\/v2\/media\/66749"}],"wp:attachment":[{"href":"https:\/\/www.lab.eus\/es\/wp-json\/wp\/v2\/media?parent=66751"}],"wp:term":[{"taxonomy":"category","embeddable":true,"href":"https:\/\/www.lab.eus\/es\/wp-json\/wp\/v2\/categories?post=66751"},{"taxonomy":"post_tag","embeddable":true,"href":"https:\/\/www.lab.eus\/es\/wp-json\/wp\/v2\/tags?post=66751"}],"curies":[{"name":"wp","href":"https:\/\/api.w.org\/{rel}","templated":true}]}}