{"id":66745,"date":"2024-01-17T12:38:07","date_gmt":"2024-01-17T12:38:07","guid":{"rendered":"https:\/\/www.lab.eus\/?p=66745"},"modified":"2024-01-17T12:38:09","modified_gmt":"2024-01-17T12:38:09","slug":"alconza-irizar-no-cesa-los-procesos-judiciales-abiertos-contra-las-y-los-huelguistas-y-sigue-criminalizando-la-lucha-llevada-a-cabo-por-la-plantilla-en-defensa-del-futuro-de-la-planta-y-de-la-comarca","status":"publish","type":"post","link":"https:\/\/www.lab.eus\/es\/alconza-irizar-no-cesa-los-procesos-judiciales-abiertos-contra-las-y-los-huelguistas-y-sigue-criminalizando-la-lucha-llevada-a-cabo-por-la-plantilla-en-defensa-del-futuro-de-la-planta-y-de-la-comarca\/","title":{"rendered":"Alconza-Irizar no cesa los procesos judiciales abiertos contra las y los huelguistas y sigue criminalizando la lucha llevada a cabo por la plantilla en defensa del futuro de la planta y de la comarca"},"content":{"rendered":"\n<p>Hoy 17 de enero, han llamado a declarar en los juzgados de Getxo a 2 huelguistas de Alconza por la lucha llevada a cabo en defensa del futuro de la empresa y en contra de los despidos realizados por Irizar-Alconza. Ante este hecho, LAB ha realizado un paro de 2 horas en la planta de Berango y una concentraci\u00f3n frente a los juzgados de Getxo para apoyar a los compa\u00f1eros que han sido citados.<\/p>\n\n\n\n<p>Las acusaciones&nbsp; a las que se enfrentan los 2 trabajadores son referentes a un aparente delito de da\u00f1os. Desde la finalizaci\u00f3n de la huelga, se han abierto hasta 5 procedimientos contra 6 trabajadores y un miembro de LAB, as\u00ed como varios expedientes sancionadores.<\/p>\n\n\n\n<p>El objetivo de esta din\u00e1mica de venganza y represi\u00f3n no es otro que criminalizar cualquier lucha de la clase trabajadora en defensa de unas condiciones de trabajo dignas y en defensa del empleo, como sucedi\u00f3 en el 2019 y en otros conflictos.<\/p>\n\n\n\n<p>Desde LAB, denunciamos la persecuci\u00f3n hacia las y los participantes en las movilizaciones en defensa de los puestos de trabajo llevadas a cabo por la plantilla y exigimos a Irizar que deje a un lado est\u00e1 din\u00e1mica de venganza y represi\u00f3n y retire, de una vez por todas, todas las denuncias realizadas y todas las sanciones.<\/p>\n\n\n\n<p>Por todo ello, el sindicato LAB, ha llamado a un paro de 2 horas en la planta y a una concentraci\u00f3n frente a los juzgados de Getxo para apoyar a los compa\u00f1eros que han sido citados, exigir el cese de todos los procesos judiciales y reivindindicar que la lucha sindical no es delito.<\/p>\n\n\n\n<p>LAB, seguir\u00e1 denunciando y moviliz\u00e1ndose hasta que Alconza-Irizar retire todas las sanciones y procesos judiciales abiertos.<\/p>\n\n\n\n<p>La lucha no es delito. Estamos con vosotros y vosotras.<\/p>\n\n\n\n<p><\/p>\n\n\n\n<p><\/p>\n","protected":false},"excerpt":{"rendered":"<p>Hoy 17 de enero, han llamado a declarar en los juzgados de Getxo a 2 huelguistas de Alconza por la lucha llevada a cabo en defensa del futuro de la empresa y en contra de los despidos realizados por Irizar-Alconza. Ante este hecho, LAB ha realizado un paro de 2 horas en la planta de Berango y una concentraci\u00f3n frente a los juzgados de Getxo para apoyar a los compa\u00f1eros que han sido citados.<\/p>\n","protected":false},"author":1191,"featured_media":66743,"comment_status":"closed","ping_status":"closed","sticky":false,"template":"","format":"standard","meta":{"_monsterinsights_skip_tracking":false,"_monsterinsights_sitenote_active":false,"_monsterinsights_sitenote_note":"","_monsterinsights_sitenote_category":0,"footnotes":"","_links_to":"","_links_to_target":""},"categories":[18,2867,2868,108],"tags":[3033,2748,3178,3066,2996,3064],"class_list":{"0":"post-66745","1":"post","2":"type-post","3":"status-publish","4":"format-standard","5":"has-post-thumbnail","7":"category-es-accion-sindical","8":"category-federaciones","9":"category-industria-es","10":"category-es-metal","11":"tag-accion-sindical-es","12":"tag-alconza","13":"tag-destacado-1","14":"tag-federaciones-es","15":"tag-industria-es","16":"tag-metal-es"},"_links":{"self":[{"href":"https:\/\/www.lab.eus\/es\/wp-json\/wp\/v2\/posts\/66745","targetHints":{"allow":["GET"]}}],"collection":[{"href":"https:\/\/www.lab.eus\/es\/wp-json\/wp\/v2\/posts"}],"about":[{"href":"https:\/\/www.lab.eus\/es\/wp-json\/wp\/v2\/types\/post"}],"author":[{"embeddable":true,"href":"https:\/\/www.lab.eus\/es\/wp-json\/wp\/v2\/users\/1191"}],"replies":[{"embeddable":true,"href":"https:\/\/www.lab.eus\/es\/wp-json\/wp\/v2\/comments?post=66745"}],"version-history":[{"count":0,"href":"https:\/\/www.lab.eus\/es\/wp-json\/wp\/v2\/posts\/66745\/revisions"}],"wp:featuredmedia":[{"embeddable":true,"href":"https:\/\/www.lab.eus\/es\/wp-json\/wp\/v2\/media\/66743"}],"wp:attachment":[{"href":"https:\/\/www.lab.eus\/es\/wp-json\/wp\/v2\/media?parent=66745"}],"wp:term":[{"taxonomy":"category","embeddable":true,"href":"https:\/\/www.lab.eus\/es\/wp-json\/wp\/v2\/categories?post=66745"},{"taxonomy":"post_tag","embeddable":true,"href":"https:\/\/www.lab.eus\/es\/wp-json\/wp\/v2\/tags?post=66745"}],"curies":[{"name":"wp","href":"https:\/\/api.w.org\/{rel}","templated":true}]}}