{"id":66737,"date":"2024-01-17T11:32:27","date_gmt":"2024-01-17T11:32:27","guid":{"rendered":"https:\/\/www.lab.eus\/?p=66737"},"modified":"2024-01-17T11:35:05","modified_gmt":"2024-01-17T11:35:05","slug":"denunciamos-la-muerte-de-cuatro-trabajadores-en-nafarroa-en-una-unica-semana-de-enero","status":"publish","type":"post","link":"https:\/\/www.lab.eus\/es\/denunciamos-la-muerte-de-cuatro-trabajadores-en-nafarroa-en-una-unica-semana-de-enero\/","title":{"rendered":"Hemos denunciado la muerte de cuatro trabajadoras y trabajadores en Nafarroa en una \u00fanica semana de enero"},"content":{"rendered":"\n<p>Los sindicatos LAB, CGT, Steilas, ESK, EHNE e Hiru nos hemos concentrado hoy en Iru\u00f1ea, frente a la sede central del Gobierno de Nafarroa, para protestar por la muerte de un trabajador hace dos d\u00edas en Arribe, ca\u00eddo de altura. Pero resulta que hoy mismo ha muerto otro trabajador en Cadreita, y ayer falleci\u00f3 otro en Funes, por lo que ya son cuatro las y los trabajadores que han fallecido en Nafarroa del 10 al 17 de enero. En el a\u00f1o 2023 fueron 12 en total.<\/p>\n\n\n\n<p>El a\u00f1o 2024 ha dejado ya seis muertes en Euskal Herria, cuatro de ellas en Nafarroa. En los \u00faltimos a\u00f1os Nafarroa ha roto todas las marcas en accidentes de trabajo y parece que la tendencia no ha cesado. En 2023 en Nafarroa se produjeron 26.360 accidentes de trabajo (sin baja + con baja + graves).<\/p>\n\n\n\n<p>Y es que la patronal esquiva con total impunidad la normativa de salud laboral. Para ello cuenta con un aliado estrat\u00e9gico, el Gobierno de Nafarroa, que no pone los medios suficientes para hacer cumplir la normativa. Y la consecuencia la estamos viendo a\u00f1o tras a\u00f1o: much\u00edsimos accidentes laborales y muchas muertes.<\/p>\n\n\n\n<p>M\u00e1s le valdr\u00eda al gobierno de Mar\u00eda Chivite que contratase m\u00e1s inspectoras e inspectores para controlar a la patronal, y no gastase miles y miles de euros en figuras como el delgado territorial de prevenci\u00f3n, que en vez de hacer cumplir la normativa \u201cinvita modestamente\u201d a las empresas a cumplir la normativa de salud laboral. Cabe recordar que en Europa hace 28 a\u00f1os que es obligatorio hacer cumplir estas normativas. Ya van tarde.<\/p>\n\n\n\n<p>Detr\u00e1s de la muerte de Arribe hay responsables. Y esos responsables tienen colaboradores, c\u00f3mplices. Y todos ellos tendr\u00e1n que responder alg\u00fan d\u00eda. S\u00f3lo los trabajadores y las trabajadoras organizadas podr\u00e1n darle la vuelta a esta situaci\u00f3n. Tenemos que seguir organiz\u00e1ndonos en los centros de trabajo para tener cada vez m\u00e1s fuerza y poner las cosas a la patronal cada vez m\u00e1s dif\u00edcil, para acabar de una vez por todas con esa impunidad que ampara el Gobierno.<\/p>\n","protected":false},"excerpt":{"rendered":"<p>Los sindicatos LAB, CGT, Steilas, ESK, EHNE e Hiru nos hemos concentrado hoy en Iru\u00f1ea, frente a la sede central del Gobierno de Nafarroa, para protestar por la muerte de un trabajador hace dos d\u00edas en Arribe, ca\u00eddo de altura. Pero resulta que hoy mismo ha muerto otro trabajador en Cadreita, y ayer falleci\u00f3 otro en Funes, por lo que ya son cuatro las y los trabajadores que han fallecido en Nafarroa del 10 al 17 de enero. En el a\u00f1o 2023 fueron 12 en total.<\/p>\n","protected":false},"author":1191,"featured_media":66735,"comment_status":"closed","ping_status":"closed","sticky":false,"template":"","format":"standard","meta":{"_monsterinsights_skip_tracking":false,"_monsterinsights_sitenote_active":false,"_monsterinsights_sitenote_note":"","_monsterinsights_sitenote_category":0,"footnotes":"","_links_to":"","_links_to_target":""},"categories":[18,15,2973],"tags":[3033,3178,3005,3083,3024],"class_list":{"0":"post-66737","1":"post","2":"type-post","3":"status-publish","4":"format-standard","5":"has-post-thumbnail","7":"category-es-accion-sindical","8":"category-es-salud-laboral","9":"category-secretarias","10":"tag-accion-sindical-es","11":"tag-destacado-1","12":"tag-la-precariedad-mata","13":"tag-salud-laboral-es","14":"tag-secretarias"},"_links":{"self":[{"href":"https:\/\/www.lab.eus\/es\/wp-json\/wp\/v2\/posts\/66737","targetHints":{"allow":["GET"]}}],"collection":[{"href":"https:\/\/www.lab.eus\/es\/wp-json\/wp\/v2\/posts"}],"about":[{"href":"https:\/\/www.lab.eus\/es\/wp-json\/wp\/v2\/types\/post"}],"author":[{"embeddable":true,"href":"https:\/\/www.lab.eus\/es\/wp-json\/wp\/v2\/users\/1191"}],"replies":[{"embeddable":true,"href":"https:\/\/www.lab.eus\/es\/wp-json\/wp\/v2\/comments?post=66737"}],"version-history":[{"count":0,"href":"https:\/\/www.lab.eus\/es\/wp-json\/wp\/v2\/posts\/66737\/revisions"}],"wp:featuredmedia":[{"embeddable":true,"href":"https:\/\/www.lab.eus\/es\/wp-json\/wp\/v2\/media\/66735"}],"wp:attachment":[{"href":"https:\/\/www.lab.eus\/es\/wp-json\/wp\/v2\/media?parent=66737"}],"wp:term":[{"taxonomy":"category","embeddable":true,"href":"https:\/\/www.lab.eus\/es\/wp-json\/wp\/v2\/categories?post=66737"},{"taxonomy":"post_tag","embeddable":true,"href":"https:\/\/www.lab.eus\/es\/wp-json\/wp\/v2\/tags?post=66737"}],"curies":[{"name":"wp","href":"https:\/\/api.w.org\/{rel}","templated":true}]}}