{"id":66714,"date":"2024-01-16T16:55:14","date_gmt":"2024-01-16T16:55:14","guid":{"rendered":"https:\/\/www.lab.eus\/?p=66714"},"modified":"2024-01-16T16:55:16","modified_gmt":"2024-01-16T16:55:16","slug":"hemos-denunciado-en-laudio-que-la-gestion-de-osakidetza-nos-pone-en-riesgo","status":"publish","type":"post","link":"https:\/\/www.lab.eus\/es\/hemos-denunciado-en-laudio-que-la-gestion-de-osakidetza-nos-pone-en-riesgo\/","title":{"rendered":"Hemos denunciado en Laudio que la gesti\u00f3n de Osakidetza nos pone en riesgo"},"content":{"rendered":"\n<p>El pasado viernes muri\u00f3 un vecino en el ambulatorio de Laudio debido a un ataque al coraz\u00f3n, cuando no hab\u00eda ning\u00fan m\u00e9dico o m\u00e9dica en el mismo. Hoy nos hemos movilizado en el mismo lugar, para denunciar que la gesti\u00f3n de Osakidetza nos est\u00e1 poniendo en peligro.<\/p>\n\n\n\n<p>Del mismo modo, el pr\u00f3ximo viernes, 19 de enero, hemos hecho un llamamiento a participar en la movilizaci\u00f3n que se realizar\u00e1 en Aiaraldea. Ser\u00e1 a las 18:30, desde la Herriko Plaza de Laudio, por un sistema de salud p\u00fablico y digno.<\/p>\n","protected":false},"excerpt":{"rendered":"<p>El pasado viernes muri\u00f3 un vecino en el ambulatorio de Laudio debido a un ataque al coraz\u00f3n, cuando no hab\u00eda ning\u00fan m\u00e9dico o m\u00e9dica en el mismo. Hoy nos hemos movilizado en el mismo lugar, para denunciar que la gesti\u00f3n de Osakidetza nos est\u00e1 poniendo en peligro.<\/p>\n","protected":false},"author":1191,"featured_media":66712,"comment_status":"closed","ping_status":"closed","sticky":false,"template":"","format":"standard","meta":{"_monsterinsights_skip_tracking":false,"_monsterinsights_sitenote_active":false,"_monsterinsights_sitenote_note":"","_monsterinsights_sitenote_category":0,"footnotes":"","_links_to":"","_links_to_target":""},"categories":[18,2867,3097,6],"tags":[3033,3178,3066,3195,3100,3171],"class_list":{"0":"post-66714","1":"post","2":"type-post","3":"status-publish","4":"format-standard","5":"has-post-thumbnail","7":"category-es-accion-sindical","8":"category-federaciones","9":"category-sanidad","10":"category-es-servicios-publicos","11":"tag-accion-sindical-es","12":"tag-destacado-1","13":"tag-federaciones-es","14":"tag-osakidetza-es","15":"tag-sanidad-es","16":"tag-servicios-publicos-es"},"_links":{"self":[{"href":"https:\/\/www.lab.eus\/es\/wp-json\/wp\/v2\/posts\/66714","targetHints":{"allow":["GET"]}}],"collection":[{"href":"https:\/\/www.lab.eus\/es\/wp-json\/wp\/v2\/posts"}],"about":[{"href":"https:\/\/www.lab.eus\/es\/wp-json\/wp\/v2\/types\/post"}],"author":[{"embeddable":true,"href":"https:\/\/www.lab.eus\/es\/wp-json\/wp\/v2\/users\/1191"}],"replies":[{"embeddable":true,"href":"https:\/\/www.lab.eus\/es\/wp-json\/wp\/v2\/comments?post=66714"}],"version-history":[{"count":0,"href":"https:\/\/www.lab.eus\/es\/wp-json\/wp\/v2\/posts\/66714\/revisions"}],"wp:featuredmedia":[{"embeddable":true,"href":"https:\/\/www.lab.eus\/es\/wp-json\/wp\/v2\/media\/66712"}],"wp:attachment":[{"href":"https:\/\/www.lab.eus\/es\/wp-json\/wp\/v2\/media?parent=66714"}],"wp:term":[{"taxonomy":"category","embeddable":true,"href":"https:\/\/www.lab.eus\/es\/wp-json\/wp\/v2\/categories?post=66714"},{"taxonomy":"post_tag","embeddable":true,"href":"https:\/\/www.lab.eus\/es\/wp-json\/wp\/v2\/tags?post=66714"}],"curies":[{"name":"wp","href":"https:\/\/api.w.org\/{rel}","templated":true}]}}