{"id":66692,"date":"2024-01-15T13:35:55","date_gmt":"2024-01-15T13:35:55","guid":{"rendered":"https:\/\/www.lab.eus\/?p=66692"},"modified":"2024-01-15T13:35:58","modified_gmt":"2024-01-15T13:35:58","slug":"exigimos-al-gobierno-unos-presupuestos-de-nafarroa-que-realmente-mejoren-los-servicios-publicos-y-las-condiciones-laborales","status":"publish","type":"post","link":"https:\/\/www.lab.eus\/es\/exigimos-al-gobierno-unos-presupuestos-de-nafarroa-que-realmente-mejoren-los-servicios-publicos-y-las-condiciones-laborales\/","title":{"rendered":"Exigimos al Gobierno unos presupuestos de Nafarroa que realmente mejoren los servicios p\u00fablicos y las condiciones laborales"},"content":{"rendered":"\n<p>El Consejo Econ\u00f3mico y Social de Nafarroa (CES) se re\u00fane hoy en Iru\u00f1ea para abordar el Anteproyecto de Presupuestos Generales de Nafarroa para 2024. El sindicato LAB recuerda que en materia de presi\u00f3n fiscal Nafarroa est\u00e1 a 8,7 puntos de jugar en Europa debido a su falta de ambici\u00f3n en materia fiscal. Esta falta de ambici\u00f3n impide que Nafarroa realice la misma inversi\u00f3n en funci\u00f3n del PIB que la media de la Uni\u00f3n Europea, y que los presupuestos que presentan para 2024 recojan 700 y 400 millones m\u00e1s respectivamente para Sanidad y Educaci\u00f3n.<\/p>\n\n\n\n<p>LAB esta siendo exigente e incisivo en todos los \u00e1mbitos y v\u00edas posibles (lucha sindical, social e institucional) para la adopci\u00f3n de medidas concretas que realmente mejoren los servicios p\u00fablicos y las condiciones laborales como ser\u00edan <strong>garantizar<\/strong><strong> el primer convenio de Navarra <\/strong><strong>de<\/strong><strong> residencias, cumplir los acuerdos alcanzados tanto <\/strong><strong>en<\/strong><strong> Osasunbidea como <\/strong><strong>en<\/strong><strong> Miguel Servet-Navarrabiomed, y establecer una pensi\u00f3n <\/strong><strong>m\u00ednima<\/strong><strong> de 1.080 euros. <\/strong>En consecuencia exige al Gobierno de Navarra que estas prioridades sean recogidas en los pr\u00f3ximos presupuestos Generales de Navarra para 2024.<\/p>\n\n\n\n<p>El sindicato LAB insiste en que es necesaria cuanto antes una reforma fiscal para dar un aut\u00e9ntico vuelco a los presupuestos de los \u00faltimos a\u00f1os y evidentemente al presente Anteproyecto de Presupuestos para 2024. En este sentido es necesario aumentar los ingresos para reforzar los fondos p\u00fablicos que en estos momentos necesita Navarra para que sus pol\u00edticas conecten con las preocupaciones y necesidades de la mayor\u00eda social navarra. No podemos volver a la gesti\u00f3n financiera realizada por la derecha navarra, donde las cuentas de Nafarroa no eran equilibradas.<\/p>\n\n\n\n<p>Adem\u00e1s, las normas fiscales acordadas por Europa entran en vigor este 2024, con sus consecuencias para Nafarroa, porque el Estado espa\u00f1ol debe cumplir los l\u00edmites de d\u00e9ficit p\u00fablico. Hay que reforzar la inversi\u00f3n y no es el momento de reducirla en los servicios p\u00fablicos ni en la protecci\u00f3n social, ni es posible afrontarlo para cumplir con las normas fiscales de la Uni\u00f3n Europea reduciendo de nuevo servicios y protecciones b\u00e1sicas para la ciudadan\u00eda. Es hora de que el capital, los empresarios, es decir, los que m\u00e1s tienen paguen m\u00e1s v\u00eda impuestos.<\/p>\n\n\n\n<p>Seg\u00fan el an\u00e1lisis realizado por LAB, si Nafarroa realizara para con sanidad y educaci\u00f3n la misma inversi\u00f3n en funci\u00f3n del PIB que la media de la Uni\u00f3n Europea, el Anteproyecto de Presupuestos Generales para 2024 deber\u00eda recoger 701.463.727 millones m\u00e1s en sanidad y 393.513.079 millones de euros m\u00e1s en educaci\u00f3n. Cifras que dan una dimensi\u00f3n del grado de inversi\u00f3n necesario y negado durante a\u00f1os, que explican a su vez las carencias y debilidades actuales que padecen estos servicios b\u00e1sicos y que preocupan a la mayor\u00eda social navarra. Sectores (Osasunbidea y educaci\u00f3n) adem\u00e1s en los que trabajadores y trabajadoras han mantenido din\u00e1micas de movilizaci\u00f3n y huelga para mejorar dichos servicios p\u00fablicos y sus condiciones de trabajo.<\/p>\n","protected":false},"excerpt":{"rendered":"<p>El Consejo Econ\u00f3mico y Social de Nafarroa (CES) se re\u00fane hoy en Iru\u00f1ea para abordar el Anteproyecto de Presupuestos Generales de Nafarroa para 2024. El sindicato LAB recuerda que en materia de presi\u00f3n fiscal Nafarroa est\u00e1 a 8,7 puntos de jugar en Europa debido a su falta de ambici\u00f3n en materia fiscal. Esta falta de ambici\u00f3n impide que Nafarroa realice la misma inversi\u00f3n en funci\u00f3n del PIB que la media de la Uni\u00f3n Europea, y que los presupuestos que presentan para 2024 recojan 700 y 400 millones m\u00e1s respectivamente para Sanidad y Educaci\u00f3n.<\/p>\n","protected":false},"author":1191,"featured_media":66690,"comment_status":"closed","ping_status":"closed","sticky":false,"template":"","format":"standard","meta":{"_monsterinsights_skip_tracking":false,"_monsterinsights_sitenote_active":false,"_monsterinsights_sitenote_note":"","_monsterinsights_sitenote_category":0,"footnotes":"","_links_to":"","_links_to_target":""},"categories":[2994],"tags":[3034,3178,3598,4452],"class_list":{"0":"post-66692","1":"post","2":"type-post","3":"status-publish","4":"format-standard","5":"has-post-thumbnail","7":"category-accion-social","8":"tag-accion-social","9":"tag-destacado-1","10":"tag-presupuestos","11":"tag-presupuestos-de-nafarroa"},"_links":{"self":[{"href":"https:\/\/www.lab.eus\/es\/wp-json\/wp\/v2\/posts\/66692","targetHints":{"allow":["GET"]}}],"collection":[{"href":"https:\/\/www.lab.eus\/es\/wp-json\/wp\/v2\/posts"}],"about":[{"href":"https:\/\/www.lab.eus\/es\/wp-json\/wp\/v2\/types\/post"}],"author":[{"embeddable":true,"href":"https:\/\/www.lab.eus\/es\/wp-json\/wp\/v2\/users\/1191"}],"replies":[{"embeddable":true,"href":"https:\/\/www.lab.eus\/es\/wp-json\/wp\/v2\/comments?post=66692"}],"version-history":[{"count":0,"href":"https:\/\/www.lab.eus\/es\/wp-json\/wp\/v2\/posts\/66692\/revisions"}],"wp:featuredmedia":[{"embeddable":true,"href":"https:\/\/www.lab.eus\/es\/wp-json\/wp\/v2\/media\/66690"}],"wp:attachment":[{"href":"https:\/\/www.lab.eus\/es\/wp-json\/wp\/v2\/media?parent=66692"}],"wp:term":[{"taxonomy":"category","embeddable":true,"href":"https:\/\/www.lab.eus\/es\/wp-json\/wp\/v2\/categories?post=66692"},{"taxonomy":"post_tag","embeddable":true,"href":"https:\/\/www.lab.eus\/es\/wp-json\/wp\/v2\/tags?post=66692"}],"curies":[{"name":"wp","href":"https:\/\/api.w.org\/{rel}","templated":true}]}}