{"id":66681,"date":"2024-01-15T12:55:27","date_gmt":"2024-01-15T12:55:27","guid":{"rendered":"https:\/\/www.lab.eus\/?p=66681"},"modified":"2024-01-16T09:23:13","modified_gmt":"2024-01-16T09:23:13","slug":"4-muertes-en-las-dos-primeras-semanas-de-2024-en-euskal-herria","status":"publish","type":"post","link":"https:\/\/www.lab.eus\/es\/4-muertes-en-las-dos-primeras-semanas-de-2024-en-euskal-herria\/","title":{"rendered":"4 muertes en las dos primeras semanas de 2024 en Euskal Herria"},"content":{"rendered":"\n<p>Esta ma\u00f1ana en Arribe, Nafarroa, un trabajador de 42 a\u00f1os ha fallecido en la construcci\u00f3n por una ca\u00edda de altura. La semana pasada, en Aginaga (Gipuzkoa), un trabajador sufri\u00f3 un accidente de altura en la empresa Viveros de mariscos Viuda e Hijos de Jer\u00f3nimo Izagirre y se encuentra en estado muy grave. En las dos primeras semanas de 2024 los accidentes laborales han dejado 4 muertes en Euskal Herria.<\/p>\n\n\n\n<p>El duro inicio del a\u00f1o no ha hecho m\u00e1s que confirmar la habitual tendencia c\u00edclica. El a\u00f1o pasado cerramos el a\u00f1o con 58 fallecidos y fallecidas, menos que el anterior. La tendencia de este a\u00f1o nos situar\u00eda de nuevo ante un aumento de la tasa de mortalidad. Detr\u00e1s de todos estos accidentes est\u00e1 la falta de medidas preventivas. Las ca\u00eddas de altura sin medios de seguridad son habituales en nuestro entorno.<\/p>\n\n\n\n<p>Aunque los trabajos en alturas tienen una normativa propia, rigurosa, la realidad es que la patronal evita con total impunidad ofrecer garant\u00edas para la vida del trabajador o la trabajadora, salt\u00e1ndose la normativa. Ante esto las administraciones no toman medidas suficientes y solo existen sanciones despu\u00e9s de que los accidentes ocurren, nunca por incumplimientos previos.<\/p>\n\n\n\n<p>La impunidad patronal dej\u00f3 58 muertos el a\u00f1o pasado en el Euskal Herria, esta misma impunidad ya ha matado a 4 trabajadores en lo que va de a\u00f1o. \u00bfCu\u00e1ntas trabajadoras y muertos trabajadores necesita la patronal para satisfacer su hambre de dinero?<\/p>\n\n\n\n<p>S\u00f3lo la clase obrera organizada lograr\u00e1 cambios profundos. Para denunciar esta situaci\u00f3n y en solidaridad con la clase trabajadora, el pr\u00f3ximo mi\u00e9rcoles, 17 de enero, a las 12:00 del mediod\u00eda, los sindicatos LAB, ESK, STEILAS, EHNE, HIRU y CGT\/LKN &nbsp;llevaremos a cabo una concentraci\u00f3n en Iru\u00f1ea, frente a la sede del Gobierno de Nafarroa.<\/p>\n","protected":false},"excerpt":{"rendered":"<p>Esta ma\u00f1ana en Arribe, Nafarroa, un trabajador de 42 a\u00f1os ha fallecido en la construcci\u00f3n por una ca\u00edda de altura. La semana pasada, en Aginaga (Gipuzkoa), un trabajador sufri\u00f3 un accidente de altura en la empresa Viveros de mariscos Viuda e Hijos de Jer\u00f3nimo Izagirre y se encuentra en estado muy grave. En las dos primeras semanas de 2024 los accidentes laborales han dejado 4 muertes en Euskal Herria.<\/p>\n","protected":false},"author":1191,"featured_media":50371,"comment_status":"closed","ping_status":"closed","sticky":false,"template":"","format":"standard","meta":{"_monsterinsights_skip_tracking":false,"_monsterinsights_sitenote_active":false,"_monsterinsights_sitenote_note":"","_monsterinsights_sitenote_category":0,"footnotes":"","_links_to":"","_links_to_target":""},"categories":[18,130,15,2973],"tags":[3033,3178,3005,3083,3568],"class_list":{"0":"post-66681","1":"post","2":"type-post","3":"status-publish","4":"format-standard","5":"has-post-thumbnail","7":"category-es-accion-sindical","8":"category-es-la-precariedad-mata-es-salud-laboral","9":"category-es-salud-laboral","10":"category-secretarias","11":"tag-accion-sindical-es","12":"tag-destacado-1","13":"tag-la-precariedad-mata","14":"tag-salud-laboral-es","15":"tag-secretaria"},"_links":{"self":[{"href":"https:\/\/www.lab.eus\/es\/wp-json\/wp\/v2\/posts\/66681","targetHints":{"allow":["GET"]}}],"collection":[{"href":"https:\/\/www.lab.eus\/es\/wp-json\/wp\/v2\/posts"}],"about":[{"href":"https:\/\/www.lab.eus\/es\/wp-json\/wp\/v2\/types\/post"}],"author":[{"embeddable":true,"href":"https:\/\/www.lab.eus\/es\/wp-json\/wp\/v2\/users\/1191"}],"replies":[{"embeddable":true,"href":"https:\/\/www.lab.eus\/es\/wp-json\/wp\/v2\/comments?post=66681"}],"version-history":[{"count":0,"href":"https:\/\/www.lab.eus\/es\/wp-json\/wp\/v2\/posts\/66681\/revisions"}],"wp:featuredmedia":[{"embeddable":true,"href":"https:\/\/www.lab.eus\/es\/wp-json\/wp\/v2\/media\/50371"}],"wp:attachment":[{"href":"https:\/\/www.lab.eus\/es\/wp-json\/wp\/v2\/media?parent=66681"}],"wp:term":[{"taxonomy":"category","embeddable":true,"href":"https:\/\/www.lab.eus\/es\/wp-json\/wp\/v2\/categories?post=66681"},{"taxonomy":"post_tag","embeddable":true,"href":"https:\/\/www.lab.eus\/es\/wp-json\/wp\/v2\/tags?post=66681"}],"curies":[{"name":"wp","href":"https:\/\/api.w.org\/{rel}","templated":true}]}}