{"id":66552,"date":"2024-01-09T10:07:41","date_gmt":"2024-01-09T10:07:41","guid":{"rendered":"https:\/\/www.lab.eus\/?p=66552"},"modified":"2024-01-09T10:07:47","modified_gmt":"2024-01-09T10:07:47","slug":"llamamos-a-los-y-las-trabajadoras-a-llenar-las-calles-de-bilbo-este-sabado","status":"publish","type":"post","link":"https:\/\/www.lab.eus\/es\/llamamos-a-los-y-las-trabajadoras-a-llenar-las-calles-de-bilbo-este-sabado\/","title":{"rendered":"Llamamos a los y las trabajadoras a llenar las calles de Bilbo este s\u00e1bado"},"content":{"rendered":"\n<p>Este a\u00f1o la movilizaci\u00f3n convocada por Sare partir\u00e1 a las 16:00 desde la plaza de la Casilla. Desde LAB mostramos nuestra adhesi\u00f3n a la convocatoria y animamos a la gente trabajadora a participar en la cita que tendr\u00e1 por objetivo pedir que se posibilite de una vez por todas la vuelta a casa de presos y presas, refugiados y refugiadas y deportados y deportadas pol\u00edticas vascas.<\/p>\n\n\n\n<p>Tras dar por finalizada la dispersi\u00f3n, en este nuevo ciclo a\u00fan quedan varios avances que lograr en lo referente a los derechos humanos de estas personas. Reflejo de ello es que de los y las 142 presos y presas pol\u00edticas vascas que hay en la actualidad solamenete 23 tienen el tercer grado. Por tanto, opinamos que es hora de dejar de lado las pol\u00edticas de excepci\u00f3n y abrir la puerta de la vuelta a casa.<\/p>\n\n\n\n<p>Tal y como expresamos en las movilizaciones llevadas a cabo en diciembre con el resto de agentes sindicales, desde LAB continuaremos exigiendo el cambio de las pol\u00edticas penitenciarias y llevando ese mensaje de reivindicaci\u00f3n a los centros de trabajo.<\/p>\n","protected":false},"excerpt":{"rendered":"<p>Este a\u00f1o la movilizaci\u00f3n convocada por Sare partir\u00e1 a las 16:00 desde la plaza de la Casilla. Desde LAB mostramos nuestra adhesi\u00f3n a la convocatoria y animamos a la gente trabajadora a participar en la cita que tendr\u00e1 por objetivo pedir que se posibilite de una vez por todas la vuelta a casa de presos y presas, refugiados y refugiadas y deportados y deportadas pol\u00edticas vascas.<\/p>\n","protected":false},"author":1191,"featured_media":66550,"comment_status":"closed","ping_status":"closed","sticky":false,"template":"","format":"standard","meta":{"_monsterinsights_skip_tracking":false,"_monsterinsights_sitenote_active":false,"_monsterinsights_sitenote_note":"","_monsterinsights_sitenote_category":0,"footnotes":"","_links_to":"","_links_to_target":""},"categories":[3402,18,2994,2870],"tags":[3033,3182,3178,3225,3229],"class_list":{"0":"post-66552","1":"post","2":"type-post","3":"status-publish","4":"format-standard","5":"has-post-thumbnail","7":"category-accion-politica","8":"category-es-accion-sindical","9":"category-accion-social","10":"category-euskal-presoak-euskal-herria-3","11":"tag-accion-sindical-es","12":"tag-accion-social-es","13":"tag-destacado-1","14":"tag-euskal-presoak-es","15":"tag-sare-es"},"_links":{"self":[{"href":"https:\/\/www.lab.eus\/es\/wp-json\/wp\/v2\/posts\/66552","targetHints":{"allow":["GET"]}}],"collection":[{"href":"https:\/\/www.lab.eus\/es\/wp-json\/wp\/v2\/posts"}],"about":[{"href":"https:\/\/www.lab.eus\/es\/wp-json\/wp\/v2\/types\/post"}],"author":[{"embeddable":true,"href":"https:\/\/www.lab.eus\/es\/wp-json\/wp\/v2\/users\/1191"}],"replies":[{"embeddable":true,"href":"https:\/\/www.lab.eus\/es\/wp-json\/wp\/v2\/comments?post=66552"}],"version-history":[{"count":0,"href":"https:\/\/www.lab.eus\/es\/wp-json\/wp\/v2\/posts\/66552\/revisions"}],"wp:featuredmedia":[{"embeddable":true,"href":"https:\/\/www.lab.eus\/es\/wp-json\/wp\/v2\/media\/66550"}],"wp:attachment":[{"href":"https:\/\/www.lab.eus\/es\/wp-json\/wp\/v2\/media?parent=66552"}],"wp:term":[{"taxonomy":"category","embeddable":true,"href":"https:\/\/www.lab.eus\/es\/wp-json\/wp\/v2\/categories?post=66552"},{"taxonomy":"post_tag","embeddable":true,"href":"https:\/\/www.lab.eus\/es\/wp-json\/wp\/v2\/tags?post=66552"}],"curies":[{"name":"wp","href":"https:\/\/api.w.org\/{rel}","templated":true}]}}