{"id":66546,"date":"2024-01-08T16:30:19","date_gmt":"2024-01-08T16:30:19","guid":{"rendered":"https:\/\/www.lab.eus\/?p=66546"},"modified":"2024-01-08T16:30:21","modified_gmt":"2024-01-08T16:30:21","slug":"tras-3-anos-con-el-convenio-caducado-y-14-reuniones-vacias-de-contenido-los-sindicatos-de-los-centros-de-ensenanza-de-iniciativa-social-convocamos-diez-dias-mas-de-huelga","status":"publish","type":"post","link":"https:\/\/www.lab.eus\/es\/tras-3-anos-con-el-convenio-caducado-y-14-reuniones-vacias-de-contenido-los-sindicatos-de-los-centros-de-ensenanza-de-iniciativa-social-convocamos-diez-dias-mas-de-huelga\/","title":{"rendered":"Tras 3 a\u00f1os con el convenio caducado y 14 reuniones vac\u00edas de contenido los sindicatos de los centros de ense\u00f1anza de iniciativa social convocamos diez d\u00edas m\u00e1s de huelga"},"content":{"rendered":"\n<p>Las patronales han convocado reuniones, pero no han adelantado ninguna propuesta pese a la petici\u00f3n previa de los sindicatos. Si no hay contenidos suficientes los sindicatos no tendremos m\u00e1s remedio que seguir adelante con las huelgas y las trabajadoras de los centros educativos de Iniciativa Social hemos realizado ya nueve jornadas de huelga. Todos los sindicatos con representaci\u00f3n en el sector tenemos convocadas otras diez jornadas de huelga entre enero y febrero &#8211; para los d\u00edas 17,18, 23, 24 y 25 de enero y los d\u00edas , 7, 8, 19 y 20 de febrero-.<\/p>\n\n\n\n<p>Esta din\u00e1mica de huelga ha forzado a las patronales Kristau Eskola y AICE-IZEA, con representaci\u00f3n en la mesa negociadora, a convocar reuniones de mesa negociadora, la primera para el pr\u00f3ximo 10 de enero.<\/p>\n\n\n\n<p>Los sindicatos queremos llegar a un acuerdo que permita la renovaci\u00f3n del convenio. Unas condiciones de trabajo adecuadas y la calidad educativa que recibe el alumnado van de la mano. Por eso, como hasta ahora, hemos confirmado a las patronales que acudiremos a la reuni\u00f3n. Tambi\u00e9n les hemos pedido que trasladen por escrito previamente la propuesta que presentar\u00e1n para poder avanzar al m\u00e1ximo en la negociaci\u00f3n y que sea efectiva la reuni\u00f3n.<\/p>\n\n\n\n<p>Sin embargo, no podemos aceptar reuniones carentes de propuestas y contenidos suficientes, cuyo \u00fanico objeto sea promover la desmovilizaci\u00f3n. De hecho, el convenio lleva tres a\u00f1os caducado y las patronales Kristau Eskola y AICE-IZEA han convocado reuniones sin propuestas ni contenidos, tanto en las trece reuniones previas al inicio de las huelgas como en la \u00faltima mesa convocada para el 27 de noviembre en el marco de la din\u00e1mica de huelgas.<\/p>\n\n\n\n<p>En este sentido, los sindicatos hemos instado a las patronales a negociar de buena fe y a realizar propuestas id\u00f3neas cuanto antes. As\u00ed mismo, hemos pedido al Gobierno Vasco que, de ser necesario, intervenga para encauzar el conflicto.<\/p>\n\n\n\n<p>En caso de que no haya propuestas adecuadas que respondan a las peticiones de mejora solicitadas, no tendremos m\u00e1s remedio que seguir adelante con las jornadas de huelga convocadas para enero y febrero.<\/p>\n\n\n\n<p>Finalmente, los sindicatos hemos anunciado la puesta en marcha de una recogida de firmas en los centros educativos de Iniciativa Social durante el mes de enero. Las firmas se recoger\u00e1n a favor de que las patronales presenten propuestas con contenidos que permitan la renovaci\u00f3n del convenio.<\/p>\n\n\n\n<p>Nuestras principales reivindicaciones se centran en medidas para aliviar las cargas de trabajo, mejoras para los sectores m\u00e1s feminizados y precarizados, subidas salariales que garanticen el IPC, medidas para mantener los puestos de trabajo y mejoras para la Formaci\u00f3n Profesional. Los planes de euskera, los planes de igualdad y los planes para abordar la salud laboral y especialmente de los riesgos psicosociales tambi\u00e9n est\u00e1n en el punto de mira de los sindicatos.<\/p>\n","protected":false},"excerpt":{"rendered":"<p>Las patronales han convocado reuniones, pero no han adelantado ninguna propuesta pese a la petici\u00f3n previa de los sindicatos. Si no hay contenidos suficientes los sindicatos no tendremos m\u00e1s remedio que seguir adelante con las huelgas y las trabajadoras de los centros educativos de Iniciativa Social hemos realizado ya nueve jornadas de huelga. Todos los sindicatos con representaci\u00f3n en el sector tenemos convocadas otras diez jornadas de huelga entre enero y febrero &#8211; para los d\u00edas 17,18, 23, 24 y 25 de enero y los d\u00edas , 7, 8, 19 y 20 de febrero-.<\/p>\n","protected":false},"author":1191,"featured_media":66555,"comment_status":"closed","ping_status":"closed","sticky":false,"template":"","format":"standard","meta":{"_monsterinsights_skip_tracking":false,"_monsterinsights_sitenote_active":false,"_monsterinsights_sitenote_note":"","_monsterinsights_sitenote_category":0,"footnotes":"","_links_to":"","_links_to_target":""},"categories":[18,3053,33,2867,6],"tags":[3033,3178,3194,4290,3171],"class_list":{"0":"post-66546","1":"post","2":"type-post","3":"status-publish","4":"format-standard","5":"has-post-thumbnail","7":"category-es-accion-sindical","8":"category-centros-iniciativa-social","9":"category-es-ensenanza","10":"category-federaciones","11":"category-es-servicios-publicos","12":"tag-accion-sindical-es","13":"tag-destacado-1","14":"tag-ensenanza-es","15":"tag-iniciativa-social","16":"tag-servicios-publicos-es"},"_links":{"self":[{"href":"https:\/\/www.lab.eus\/es\/wp-json\/wp\/v2\/posts\/66546","targetHints":{"allow":["GET"]}}],"collection":[{"href":"https:\/\/www.lab.eus\/es\/wp-json\/wp\/v2\/posts"}],"about":[{"href":"https:\/\/www.lab.eus\/es\/wp-json\/wp\/v2\/types\/post"}],"author":[{"embeddable":true,"href":"https:\/\/www.lab.eus\/es\/wp-json\/wp\/v2\/users\/1191"}],"replies":[{"embeddable":true,"href":"https:\/\/www.lab.eus\/es\/wp-json\/wp\/v2\/comments?post=66546"}],"version-history":[{"count":0,"href":"https:\/\/www.lab.eus\/es\/wp-json\/wp\/v2\/posts\/66546\/revisions"}],"wp:featuredmedia":[{"embeddable":true,"href":"https:\/\/www.lab.eus\/es\/wp-json\/wp\/v2\/media\/66555"}],"wp:attachment":[{"href":"https:\/\/www.lab.eus\/es\/wp-json\/wp\/v2\/media?parent=66546"}],"wp:term":[{"taxonomy":"category","embeddable":true,"href":"https:\/\/www.lab.eus\/es\/wp-json\/wp\/v2\/categories?post=66546"},{"taxonomy":"post_tag","embeddable":true,"href":"https:\/\/www.lab.eus\/es\/wp-json\/wp\/v2\/tags?post=66546"}],"curies":[{"name":"wp","href":"https:\/\/api.w.org\/{rel}","templated":true}]}}