{"id":66540,"date":"2024-01-08T10:36:50","date_gmt":"2024-01-08T10:36:50","guid":{"rendered":"https:\/\/www.lab.eus\/?p=66540"},"modified":"2024-01-08T10:36:52","modified_gmt":"2024-01-08T10:36:52","slug":"iniciamos-otro-ciclo-de-huelga-en-ambulancias-de-araba-bizkaia-y-gipuzkoa","status":"publish","type":"post","link":"https:\/\/www.lab.eus\/es\/iniciamos-otro-ciclo-de-huelga-en-ambulancias-de-araba-bizkaia-y-gipuzkoa\/","title":{"rendered":"Iniciamos otro ciclo de huelga en ambulancias de Araba, Bizkaia y Gipuzkoa"},"content":{"rendered":"\n<p>Durante toda la semana estaremos en huelga y hoy, para empezar, hemos realizado sendas concentraciones en los hospitales de Cruces, Santiago y Donostia. Ante este conflicto que se est\u00e1 alargando demasiado, exigimos tanto a la patronal como a Osakidetza que de una vez por todas terminen con el bloqueo y den paso a la negociaci\u00f3n.<\/p>\n\n\n\n<p>Las trabajadoras y los trabajadores subcontratados en el servicio de transporte de Osakidetza hemos iniciado hoy una huelga de dos semanas convocada por LAB, ELA, LSB-USO, UGT, CCOO y ESK en la CAV.<\/p>\n\n\n\n<p>La primera jornada de este ciclo ha sido un \u00e9xito una vez m\u00e1s, a pesar de los servicios m\u00ednimos excesivos. Es urgente recuperar el poder adquisitivo perdido por las y los trabajadores en los \u00faltimos a\u00f1os y equiparar las condiciones a las de las compa\u00f1eras y los compa\u00f1eros contratados directamente por Osakidetza.<\/p>\n\n\n\n<p>Despu\u00e9s de m\u00e1s de dos a\u00f1os intentando negociar, sin voluntad real por parte de la patronal, intentando imponer m\u00e1s recortes en nuestros derechos y con el inmovilismo del Gobierno Vasco, tenemos que volver a la calle una vez m\u00e1s por nuestros derechos.<\/p>\n\n\n\n<p>Tal y como hemos mencionado, durante toda la semana seguiremos adelante con la huelga y las movilizaciones. Pues bien, el viernes 12 los y las huelguistas de la CAV nos juntaremos en Bilbao, donde partir\u00e1 una manifestaci\u00f3n unitaria a las 11:00 horas. Y tampoco estaremos quietos y quietas la pr\u00f3xima semana, porque seguiremos con huelgas, concentraciones, manifestaciones, etc. Hasta el momento han hecho o\u00eddos sordos a las \u00faltimas jornadas de huelga y a nuestras reivindicaciones, pero no vamos a dar ni un paso atr\u00e1s.<\/p>\n","protected":false},"excerpt":{"rendered":"<p>Durante toda la semana estaremos en huelga y hoy, para empezar, hemos realizado sendas concentraciones en los hospitales de Cruces, Santiago y Donostia. Ante este conflicto que se est\u00e1 alargando demasiado, exigimos tanto a la patronal como a Osakidetza que de una vez por todas terminen con el bloqueo y den paso a la negociaci\u00f3n.<\/p>\n","protected":false},"author":1191,"featured_media":66536,"comment_status":"closed","ping_status":"closed","sticky":false,"template":"","format":"standard","meta":{"_monsterinsights_skip_tracking":false,"_monsterinsights_sitenote_active":false,"_monsterinsights_sitenote_note":"","_monsterinsights_sitenote_category":0,"footnotes":"","_links_to":"","_links_to_target":""},"categories":[18,372,2867,8],"tags":[992,3178],"class_list":{"0":"post-66540","1":"post","2":"type-post","3":"status-publish","4":"format-standard","5":"has-post-thumbnail","7":"category-es-accion-sindical","8":"category-es-ambulancias-es-servicios-privados","9":"category-federaciones","10":"category-es-servicios-privados","11":"tag-ambulancias","12":"tag-destacado-1"},"_links":{"self":[{"href":"https:\/\/www.lab.eus\/es\/wp-json\/wp\/v2\/posts\/66540","targetHints":{"allow":["GET"]}}],"collection":[{"href":"https:\/\/www.lab.eus\/es\/wp-json\/wp\/v2\/posts"}],"about":[{"href":"https:\/\/www.lab.eus\/es\/wp-json\/wp\/v2\/types\/post"}],"author":[{"embeddable":true,"href":"https:\/\/www.lab.eus\/es\/wp-json\/wp\/v2\/users\/1191"}],"replies":[{"embeddable":true,"href":"https:\/\/www.lab.eus\/es\/wp-json\/wp\/v2\/comments?post=66540"}],"version-history":[{"count":0,"href":"https:\/\/www.lab.eus\/es\/wp-json\/wp\/v2\/posts\/66540\/revisions"}],"wp:featuredmedia":[{"embeddable":true,"href":"https:\/\/www.lab.eus\/es\/wp-json\/wp\/v2\/media\/66536"}],"wp:attachment":[{"href":"https:\/\/www.lab.eus\/es\/wp-json\/wp\/v2\/media?parent=66540"}],"wp:term":[{"taxonomy":"category","embeddable":true,"href":"https:\/\/www.lab.eus\/es\/wp-json\/wp\/v2\/categories?post=66540"},{"taxonomy":"post_tag","embeddable":true,"href":"https:\/\/www.lab.eus\/es\/wp-json\/wp\/v2\/tags?post=66540"}],"curies":[{"name":"wp","href":"https:\/\/api.w.org\/{rel}","templated":true}]}}