{"id":66484,"date":"2024-01-04T12:58:12","date_gmt":"2024-01-04T12:58:12","guid":{"rendered":"https:\/\/www.lab.eus\/?p=66484"},"modified":"2024-01-04T12:58:15","modified_gmt":"2024-01-04T12:58:15","slug":"exitosa-huelga-en-el-centro-de-amazon-de-trapagaran","status":"publish","type":"post","link":"https:\/\/www.lab.eus\/es\/exitosa-huelga-en-el-centro-de-amazon-de-trapagaran\/","title":{"rendered":"Exitosa huelga en el centro de Amazon de Trapagaran"},"content":{"rendered":"\n<p>El 3 de enero, el centro de trabajo de Amazon en Trapagaren estuvo cerrado por la ca\u00edda de parte del tejado. Hoy 4 de enero, la empresa ha querido reanudar la actividad en el centro de trabajo, poniendo en peligro la seguridad de los y las trabajadoras y vulnerando el derecho de huelga.<\/p>\n\n\n\n<p>De hecho, seg\u00fan el informe del ingeniero externo contratado por Amazon, el trabajo de la empresa para reparar el tejado en caso de fuertes rachas de viento ser\u00eda del todo insuficiente. La reparaci\u00f3n se ha realizado con lonas de pl\u00e1stico, tablones de madera y sacos de arena. As\u00ed, adem\u00e1s de exigir a la empresa una reparaci\u00f3n digna y segura, nos hemos puesto en contacto con la inspecci\u00f3n de trabajo y Osalan para garantizar la salud de los y las trabajadoras.<\/p>\n\n\n\n<p>Por otro lado, hoy solo se han incorporado al trabajo las y los trabajadores de ETT, por lo que la empresa ha vuelto a vulnerar el derecho de huelga de los y las trabajadoras. Sin embargo, el impacto de la huelga sigue siendo evidente. Los paquetes que se iban a sacar el martes han salido el jueves por la ca\u00edda del tejado, pero s\u00f3lo se han repartido 12.000 de los 30.000 que suelen salir en estas fechas. Las y los huelguistas se han manifestado en los alrededores de su centro de trabajo en Trapagaran.<\/p>\n\n\n\n<p>Ma\u00f1ana tenemos la \u00faltima jornada de huelga de esta \u00faltima convocatoria. El trabajo hasta ahora ha sido impresionante y ha dado sus frutos, la eficacia de la huelga es evidente. Decidiremos los siguientes pasos en funci\u00f3n de la actitud de la empresa respecto a la negociaci\u00f3n.<\/p>\n","protected":false},"excerpt":{"rendered":"<p>El 3 de enero, el centro de trabajo de Amazon en Trapagaren estuvo cerrado por la ca\u00edda de parte del tejado. Hoy 4 de enero, la empresa ha querido reanudar la actividad en el centro de trabajo, poniendo en peligro la seguridad de los y las trabajadoras y vulnerando el derecho de huelga.<\/p>\n","protected":false},"author":1191,"featured_media":66478,"comment_status":"closed","ping_status":"closed","sticky":false,"template":"","format":"standard","meta":{"_monsterinsights_skip_tracking":false,"_monsterinsights_sitenote_active":false,"_monsterinsights_sitenote_note":"","_monsterinsights_sitenote_category":0,"footnotes":"","_links_to":"","_links_to_target":""},"categories":[18,2867,8],"tags":[3033,3501,3178,3172],"class_list":{"0":"post-66484","1":"post","2":"type-post","3":"status-publish","4":"format-standard","5":"has-post-thumbnail","7":"category-es-accion-sindical","8":"category-federaciones","9":"category-es-servicios-privados","10":"tag-accion-sindical-es","11":"tag-amazon","12":"tag-destacado-1","13":"tag-servicios-privados-es"},"_links":{"self":[{"href":"https:\/\/www.lab.eus\/es\/wp-json\/wp\/v2\/posts\/66484","targetHints":{"allow":["GET"]}}],"collection":[{"href":"https:\/\/www.lab.eus\/es\/wp-json\/wp\/v2\/posts"}],"about":[{"href":"https:\/\/www.lab.eus\/es\/wp-json\/wp\/v2\/types\/post"}],"author":[{"embeddable":true,"href":"https:\/\/www.lab.eus\/es\/wp-json\/wp\/v2\/users\/1191"}],"replies":[{"embeddable":true,"href":"https:\/\/www.lab.eus\/es\/wp-json\/wp\/v2\/comments?post=66484"}],"version-history":[{"count":0,"href":"https:\/\/www.lab.eus\/es\/wp-json\/wp\/v2\/posts\/66484\/revisions"}],"wp:featuredmedia":[{"embeddable":true,"href":"https:\/\/www.lab.eus\/es\/wp-json\/wp\/v2\/media\/66478"}],"wp:attachment":[{"href":"https:\/\/www.lab.eus\/es\/wp-json\/wp\/v2\/media?parent=66484"}],"wp:term":[{"taxonomy":"category","embeddable":true,"href":"https:\/\/www.lab.eus\/es\/wp-json\/wp\/v2\/categories?post=66484"},{"taxonomy":"post_tag","embeddable":true,"href":"https:\/\/www.lab.eus\/es\/wp-json\/wp\/v2\/tags?post=66484"}],"curies":[{"name":"wp","href":"https:\/\/api.w.org\/{rel}","templated":true}]}}