{"id":66420,"date":"2023-12-29T11:23:04","date_gmt":"2023-12-29T11:23:04","guid":{"rendered":"https:\/\/www.lab.eus\/?p=66420"},"modified":"2023-12-29T11:23:07","modified_gmt":"2023-12-29T11:23:07","slug":"las-empresas-armamentisticas-de-euskal-herria-deben-dejar-de-ser-complices-de-la-masacre-en-palestina","status":"publish","type":"post","link":"https:\/\/www.lab.eus\/es\/las-empresas-armamentisticas-de-euskal-herria-deben-dejar-de-ser-complices-de-la-masacre-en-palestina\/","title":{"rendered":"Las empresas armament\u00edsticas de Euskal Herria deben dejar de ser c\u00f3mplices de la masacre en Palestina"},"content":{"rendered":"\n<p>Nos hemos movilizado frente a la sede de Sener en Getxo.<\/p>\n\n\n\n<p>El a\u00f1o 2023 est\u00e1 a punto de terminar. Ha sido un a\u00f1o terriblemente duro para el pueblo palestino. All\u00e1 los ataques, los asesinatos de civiles, las vulneraciones de derechos humanos, el dolor y el sufrimiento no cesan. Queremos denunciar de nuevo la ocupaci\u00f3n, la colonizaci\u00f3n y las pol\u00edticas de apartheid de Israel, as\u00ed como manifestar nuestra solidaridad con Palestina.<\/p>\n\n\n\n<p>En el d\u00eda de hoy queremos prestar atenci\u00f3n especialmente a la armer\u00eda y denunciar que la guerra comienza en las empresas armament\u00edsticas. Por eso nos hemos movilizado frente a la empresa Sener de Getxo, una de las varias empresas de Euskal Herria relacionadas con esta industria.<\/p>\n\n\n\n<p>Se\u00f1alamos su responsabilidad y hacemos nuestra la petici\u00f3n de los sindicatos palestinos: que se dejen de suministrar armas a Israel, que se dejen de fabricar y transportar armas para Israel. Hay que cortar toda mercanc\u00eda militar, tienen que dejar de ser c\u00f3mplices del genocidio.<\/p>\n\n\n\n<p>En cuanto a los \u00faltimos movimientos geopol\u00edticos, denunciamos la intervenci\u00f3n de los EEUU en Yemen, impulsada dentro de su operaci\u00f3n militar en el Mar Rojo, ya que, lejos de buscar una soluci\u00f3n pol\u00edtica que tenga por objetivo la paz y la estabilidad, no supone m\u00e1s que el agravamiento del genocidio. El conflicto necesita una soluci\u00f3n diplom\u00e1tica, no una mayor intervenci\u00f3n militar.<\/p>\n\n\n\n<p>Exigimos parar la destrucci\u00f3n y la ocupaci\u00f3n del pueblo palestino. Durante los \u00faltimos meses los y las trabajadoras y sindicatos vascos nos estamos movilizando en los hospitales de la CAV, de la mano de los bomberos y bomberas de Bizkaia y Nafarroa, en la empresa CAF, en las movilizaciones sindicales llevadas a cabo en Bilbo e Iru\u00f1ea&#8230;<\/p>\n\n\n\n<p>Hoy, una vez m\u00e1s, los trabajadores y las trabajadoras queremos hacer llegar nuestro apoyo y solidaridad al pueblo palestino, as\u00ed como una petici\u00f3n concreta: alto al fuego inmediato, retorno de las y los presos pol\u00edticos y los y las refugiadas, el desbloqueo de Gaza y un proceso de di\u00e1logo y negociaci\u00f3n basado en las resoluciones de las Naciones Unidas que respete los derechos nacionales de Palestina. Palestina necesita una soluci\u00f3n integral, dentro de la cual se reconozca la legitimidad de un Estado Palestino y la garant\u00eda del derecho a tener una vida digna para todos y todas las palestinas.<\/p>\n\n\n\n<figure class=\"wp-block-gallery has-nested-images columns-default is-cropped wp-block-gallery-1 is-layout-flex wp-block-gallery-is-layout-flex\">\n<figure class=\"wp-block-image size-large\"><img loading=\"lazy\" decoding=\"async\" width=\"1024\" height=\"682\" data-id=\"66416\" src=\"https:\/\/www.lab.eus\/wp-content\/uploads\/2023\/12\/PalestinaSener8-4-1024x682.jpg\" alt=\"\" class=\"wp-image-66416\" srcset=\"https:\/\/www.lab.eus\/wp-content\/uploads\/2023\/12\/PalestinaSener8-4-1024x682.jpg 1024w, https:\/\/www.lab.eus\/wp-content\/uploads\/2023\/12\/PalestinaSener8-4-300x200.jpg 300w, https:\/\/www.lab.eus\/wp-content\/uploads\/2023\/12\/PalestinaSener8-4-768x512.jpg 768w, https:\/\/www.lab.eus\/wp-content\/uploads\/2023\/12\/PalestinaSener8-4-150x100.jpg 150w, https:\/\/www.lab.eus\/wp-content\/uploads\/2023\/12\/PalestinaSener8-4-696x464.jpg 696w, https:\/\/www.lab.eus\/wp-content\/uploads\/2023\/12\/PalestinaSener8-4-1068x712.jpg 1068w, https:\/\/www.lab.eus\/wp-content\/uploads\/2023\/12\/PalestinaSener8-4.jpg 1280w\" sizes=\"auto, (max-width: 1024px) 100vw, 1024px\" \/><\/figure>\n\n\n\n<figure class=\"wp-block-image size-large\"><img loading=\"lazy\" decoding=\"async\" width=\"1024\" height=\"768\" data-id=\"66423\" src=\"https:\/\/www.lab.eus\/wp-content\/uploads\/2023\/12\/PalestinaSener6-1024x768.jpg\" alt=\"\" class=\"wp-image-66423\" srcset=\"https:\/\/www.lab.eus\/wp-content\/uploads\/2023\/12\/PalestinaSener6-1024x768.jpg 1024w, https:\/\/www.lab.eus\/wp-content\/uploads\/2023\/12\/PalestinaSener6-300x225.jpg 300w, https:\/\/www.lab.eus\/wp-content\/uploads\/2023\/12\/PalestinaSener6-768x576.jpg 768w, https:\/\/www.lab.eus\/wp-content\/uploads\/2023\/12\/PalestinaSener6-150x113.jpg 150w, https:\/\/www.lab.eus\/wp-content\/uploads\/2023\/12\/PalestinaSener6-696x522.jpg 696w, https:\/\/www.lab.eus\/wp-content\/uploads\/2023\/12\/PalestinaSener6-1068x801.jpg 1068w, https:\/\/www.lab.eus\/wp-content\/uploads\/2023\/12\/PalestinaSener6.jpg 1280w\" sizes=\"auto, (max-width: 1024px) 100vw, 1024px\" \/><\/figure>\n\n\n\n<figure class=\"wp-block-image size-large\"><img loading=\"lazy\" decoding=\"async\" width=\"1024\" height=\"768\" data-id=\"66414\" src=\"https:\/\/www.lab.eus\/wp-content\/uploads\/2023\/12\/2023-12-29-SenerPalestina-2-1024x768.jpg\" alt=\"\" class=\"wp-image-66414\" srcset=\"https:\/\/www.lab.eus\/wp-content\/uploads\/2023\/12\/2023-12-29-SenerPalestina-2-1024x768.jpg 1024w, https:\/\/www.lab.eus\/wp-content\/uploads\/2023\/12\/2023-12-29-SenerPalestina-2-300x225.jpg 300w, https:\/\/www.lab.eus\/wp-content\/uploads\/2023\/12\/2023-12-29-SenerPalestina-2-768x576.jpg 768w, https:\/\/www.lab.eus\/wp-content\/uploads\/2023\/12\/2023-12-29-SenerPalestina-2-150x113.jpg 150w, https:\/\/www.lab.eus\/wp-content\/uploads\/2023\/12\/2023-12-29-SenerPalestina-2-696x522.jpg 696w, https:\/\/www.lab.eus\/wp-content\/uploads\/2023\/12\/2023-12-29-SenerPalestina-2-1068x801.jpg 1068w, https:\/\/www.lab.eus\/wp-content\/uploads\/2023\/12\/2023-12-29-SenerPalestina-2.jpg 1280w\" sizes=\"auto, (max-width: 1024px) 100vw, 1024px\" \/><\/figure>\n\n\n\n<figure class=\"wp-block-image size-large\"><img loading=\"lazy\" decoding=\"async\" width=\"1024\" height=\"768\" data-id=\"66412\" src=\"https:\/\/www.lab.eus\/wp-content\/uploads\/2023\/12\/2023-12-29-SenerPalestina2-1024x768.jpg\" alt=\"\" class=\"wp-image-66412\" srcset=\"https:\/\/www.lab.eus\/wp-content\/uploads\/2023\/12\/2023-12-29-SenerPalestina2-1024x768.jpg 1024w, https:\/\/www.lab.eus\/wp-content\/uploads\/2023\/12\/2023-12-29-SenerPalestina2-300x225.jpg 300w, https:\/\/www.lab.eus\/wp-content\/uploads\/2023\/12\/2023-12-29-SenerPalestina2-768x576.jpg 768w, https:\/\/www.lab.eus\/wp-content\/uploads\/2023\/12\/2023-12-29-SenerPalestina2-150x113.jpg 150w, https:\/\/www.lab.eus\/wp-content\/uploads\/2023\/12\/2023-12-29-SenerPalestina2-696x522.jpg 696w, https:\/\/www.lab.eus\/wp-content\/uploads\/2023\/12\/2023-12-29-SenerPalestina2-1068x801.jpg 1068w, https:\/\/www.lab.eus\/wp-content\/uploads\/2023\/12\/2023-12-29-SenerPalestina2.jpg 1280w\" sizes=\"auto, (max-width: 1024px) 100vw, 1024px\" \/><\/figure>\n\n\n\n<figure class=\"wp-block-image size-large\"><img loading=\"lazy\" decoding=\"async\" width=\"1024\" height=\"768\" data-id=\"66406\" src=\"https:\/\/www.lab.eus\/wp-content\/uploads\/2023\/12\/PalestinaSener5-1024x768.jpg\" alt=\"\" class=\"wp-image-66406\" srcset=\"https:\/\/www.lab.eus\/wp-content\/uploads\/2023\/12\/PalestinaSener5-1024x768.jpg 1024w, https:\/\/www.lab.eus\/wp-content\/uploads\/2023\/12\/PalestinaSener5-300x225.jpg 300w, https:\/\/www.lab.eus\/wp-content\/uploads\/2023\/12\/PalestinaSener5-768x576.jpg 768w, https:\/\/www.lab.eus\/wp-content\/uploads\/2023\/12\/PalestinaSener5-150x113.jpg 150w, https:\/\/www.lab.eus\/wp-content\/uploads\/2023\/12\/PalestinaSener5-696x522.jpg 696w, https:\/\/www.lab.eus\/wp-content\/uploads\/2023\/12\/PalestinaSener5-1068x801.jpg 1068w, https:\/\/www.lab.eus\/wp-content\/uploads\/2023\/12\/PalestinaSener5.jpg 1280w\" sizes=\"auto, (max-width: 1024px) 100vw, 1024px\" \/><\/figure>\n\n\n\n<figure class=\"wp-block-image size-large\"><img loading=\"lazy\" decoding=\"async\" width=\"1024\" height=\"682\" data-id=\"66400\" src=\"https:\/\/www.lab.eus\/wp-content\/uploads\/2023\/12\/PalestinaSener7-1-1024x682.jpg\" alt=\"\" class=\"wp-image-66400\" srcset=\"https:\/\/www.lab.eus\/wp-content\/uploads\/2023\/12\/PalestinaSener7-1-1024x682.jpg 1024w, https:\/\/www.lab.eus\/wp-content\/uploads\/2023\/12\/PalestinaSener7-1-300x200.jpg 300w, https:\/\/www.lab.eus\/wp-content\/uploads\/2023\/12\/PalestinaSener7-1-768x512.jpg 768w, https:\/\/www.lab.eus\/wp-content\/uploads\/2023\/12\/PalestinaSener7-1-150x100.jpg 150w, https:\/\/www.lab.eus\/wp-content\/uploads\/2023\/12\/PalestinaSener7-1-696x464.jpg 696w, https:\/\/www.lab.eus\/wp-content\/uploads\/2023\/12\/PalestinaSener7-1-1068x712.jpg 1068w, https:\/\/www.lab.eus\/wp-content\/uploads\/2023\/12\/PalestinaSener7-1.jpg 1280w\" sizes=\"auto, (max-width: 1024px) 100vw, 1024px\" \/><\/figure>\n\n\n\n<figure class=\"wp-block-image size-large\"><img loading=\"lazy\" decoding=\"async\" width=\"1024\" height=\"768\" data-id=\"66398\" src=\"https:\/\/www.lab.eus\/wp-content\/uploads\/2023\/12\/PalestinaSener1-1-1024x768.jpg\" alt=\"\" class=\"wp-image-66398\" srcset=\"https:\/\/www.lab.eus\/wp-content\/uploads\/2023\/12\/PalestinaSener1-1-1024x768.jpg 1024w, https:\/\/www.lab.eus\/wp-content\/uploads\/2023\/12\/PalestinaSener1-1-300x225.jpg 300w, https:\/\/www.lab.eus\/wp-content\/uploads\/2023\/12\/PalestinaSener1-1-768x576.jpg 768w, https:\/\/www.lab.eus\/wp-content\/uploads\/2023\/12\/PalestinaSener1-1-150x113.jpg 150w, https:\/\/www.lab.eus\/wp-content\/uploads\/2023\/12\/PalestinaSener1-1-696x522.jpg 696w, https:\/\/www.lab.eus\/wp-content\/uploads\/2023\/12\/PalestinaSener1-1-1068x801.jpg 1068w, https:\/\/www.lab.eus\/wp-content\/uploads\/2023\/12\/PalestinaSener1-1.jpg 1280w\" sizes=\"auto, (max-width: 1024px) 100vw, 1024px\" \/><\/figure>\n<\/figure>\n","protected":false},"excerpt":{"rendered":"<p>Nos hemos movilizado frente a la sede de Sener en Getxo.<\/p>\n","protected":false},"author":1191,"featured_media":66376,"comment_status":"closed","ping_status":"closed","sticky":false,"template":"","format":"standard","meta":{"_monsterinsights_skip_tracking":false,"_monsterinsights_sitenote_active":false,"_monsterinsights_sitenote_note":"","_monsterinsights_sitenote_category":0,"footnotes":"","_links_to":"","_links_to_target":""},"categories":[18,2867,2868,4,2973],"tags":[3033,3178,2996,3173,3193],"class_list":{"0":"post-66420","1":"post","2":"type-post","3":"status-publish","4":"format-standard","5":"has-post-thumbnail","7":"category-es-accion-sindical","8":"category-federaciones","9":"category-industria-es","10":"category-es-internacional","11":"category-secretarias","12":"tag-accion-sindical-es","13":"tag-destacado-1","14":"tag-industria-es","15":"tag-internacional-es","16":"tag-palestina-es"},"_links":{"self":[{"href":"https:\/\/www.lab.eus\/es\/wp-json\/wp\/v2\/posts\/66420","targetHints":{"allow":["GET"]}}],"collection":[{"href":"https:\/\/www.lab.eus\/es\/wp-json\/wp\/v2\/posts"}],"about":[{"href":"https:\/\/www.lab.eus\/es\/wp-json\/wp\/v2\/types\/post"}],"author":[{"embeddable":true,"href":"https:\/\/www.lab.eus\/es\/wp-json\/wp\/v2\/users\/1191"}],"replies":[{"embeddable":true,"href":"https:\/\/www.lab.eus\/es\/wp-json\/wp\/v2\/comments?post=66420"}],"version-history":[{"count":0,"href":"https:\/\/www.lab.eus\/es\/wp-json\/wp\/v2\/posts\/66420\/revisions"}],"wp:featuredmedia":[{"embeddable":true,"href":"https:\/\/www.lab.eus\/es\/wp-json\/wp\/v2\/media\/66376"}],"wp:attachment":[{"href":"https:\/\/www.lab.eus\/es\/wp-json\/wp\/v2\/media?parent=66420"}],"wp:term":[{"taxonomy":"category","embeddable":true,"href":"https:\/\/www.lab.eus\/es\/wp-json\/wp\/v2\/categories?post=66420"},{"taxonomy":"post_tag","embeddable":true,"href":"https:\/\/www.lab.eus\/es\/wp-json\/wp\/v2\/tags?post=66420"}],"curies":[{"name":"wp","href":"https:\/\/api.w.org\/{rel}","templated":true}]}}