{"id":66366,"date":"2023-12-28T16:25:01","date_gmt":"2023-12-28T16:25:01","guid":{"rendered":"https:\/\/www.lab.eus\/?p=66366"},"modified":"2023-12-28T16:36:27","modified_gmt":"2023-12-28T16:36:27","slug":"ccoo-ugt-y-lankide-firman-el-convenio-de-navarra-de-oficinas-y-despachos-sin-garantizar-el-ipc","status":"publish","type":"post","link":"https:\/\/www.lab.eus\/es\/ccoo-ugt-y-lankide-firman-el-convenio-de-navarra-de-oficinas-y-despachos-sin-garantizar-el-ipc\/","title":{"rendered":"CCOO, UGT y Lankide firman el Convenio de Nafarroa de Oficinas y Despachos sin garantizar el IPC"},"content":{"rendered":"\n<p>El proceso de negociaci\u00f3n en Oficinas y Despachos ha sido largo, el convenio lleva en ultractividad desde 2021. Las personas trabajadoras del sector llevan 3 a\u00f1os con los sueldos congelados, por mucho que haya subido el IPC. A lo largo del proceso las formas e intensidades tambi\u00e9n han ido cambiando. Nos hemos presentado firmes delante de la patronal, para decirle alto y claro que apostamos por un Convenio de Nafarroa digno. Hicimos v\u00eddeos, incluso movilizaciones y d\u00edas de huelga. Han sido muchas las personas que se han unido por el camino y han sido parte de todas estas acciones. Es impresionante la implicaci\u00f3n, el compromiso y la ilusi\u00f3n con la que se ha trabajado. Sin duda podemos decir que hemos condicionado la negociaci\u00f3n y movilizado el sector.<\/p>\n\n\n\n<p>Hoy, 13 de diciembre, CCOO, UGT y Lankide firman el Convenio de Nafarroa de Oficinas y Despachos sin garantizar el IPC. Desde LAB tenemos claro que no podemos firmar esto. Sea cual sea la suma de los IPCs de 2020 a 2024, es responsabilidad de la patronal garantizarlo al 100%. El poder adquisitivo de la gente no puede estar condicionado por unos l\u00edmites impuestos. Por lo tanto, es imprescindible dejar a un lado este planteamiento. Adem\u00e1s, los incrementos deben de ser a salario real, al contrario de lo que se ha firmado. Al fin y al cabo, si la subida es a tablas salariales, todos estos incrementos se ver\u00e1n absorbidos por pluses y lo que perciban las personas trabajadoras va a ser lo mismo que han recibido hasta ahora.<\/p>\n\n\n\n<p>Por todo lo mencionado anteriormente, la propuesta nos parece m\u00e1s que insuficiente, ya que no tiene en cuenta ni la realidad del sector ni las necesidades del personal. Por lo tanto, decimos alto y claro que lo que hoy se ha firmado no hace ning\u00fan favor ni a los y las trabajadoras ni a la lucha sindical. Ha quedado a la vista que las prioridades de ciertos sindicatos no son mejorar las condiciones de trabajo si no facilitar el camino a la patronal. La predisposici\u00f3n para firmar lo que propon\u00eda la patronal ha dejado en una posici\u00f3n mucho m\u00e1s c\u00f3moda a esta. De todas formas, hemos movilizado a una gran parte del sector, as\u00ed que, desde LAB queremos agradeceros vuestra participaci\u00f3n a todas esas personas que hab\u00e9is estado en la calle. Tenemos muy claro que sin vuestra lucha esto no habr\u00eda sido posible. Por lo tanto, ZORIONAK! Sea cual sea el resultado, hemos demostrado que LA LUCHA MERECE LA PENA!<\/p>\n","protected":false},"excerpt":{"rendered":"<p>El proceso de negociaci\u00f3n en Oficinas y Despachos ha sido largo, el convenio lleva en ultractividad desde 2021. Las personas trabajadoras del sector llevan 3 a\u00f1os con los sueldos congelados, por mucho que haya subido el IPC. A lo largo del proceso las formas e intensidades tambi\u00e9n han ido cambiando. Nos hemos presentado firmes delante de la patronal, para decirle alto y claro que apostamos por un Convenio de Navarra digno. Hicimos v\u00eddeos, incluso movilizaciones y d\u00edas de huelga. Han sido muchas las personas que se han unido por el camino y han sido parte de todas estas acciones. Es impresionante la implicaci\u00f3n, el compromiso y la ilusi\u00f3n con la que se ha trabajado. Sin duda podemos decir que hemos condicionado la negociaci\u00f3n y movilizado el sector!<\/p>\n","protected":false},"author":1191,"featured_media":66369,"comment_status":"closed","ping_status":"closed","sticky":false,"template":"","format":"standard","meta":{"_monsterinsights_skip_tracking":false,"_monsterinsights_sitenote_active":false,"_monsterinsights_sitenote_note":"","_monsterinsights_sitenote_category":0,"footnotes":"","_links_to":"","_links_to_target":""},"categories":[18,2867,2941,8],"tags":[3033,3178,4474,3172],"class_list":{"0":"post-66366","1":"post","2":"type-post","3":"status-publish","4":"format-standard","5":"has-post-thumbnail","7":"category-es-accion-sindical","8":"category-federaciones","9":"category-oficinas-y-despachos","10":"category-es-servicios-privados","11":"tag-accion-sindical-es","12":"tag-destacado-1","13":"tag-oficinas-y-despachos-nafarroa","14":"tag-servicios-privados-es"},"_links":{"self":[{"href":"https:\/\/www.lab.eus\/es\/wp-json\/wp\/v2\/posts\/66366","targetHints":{"allow":["GET"]}}],"collection":[{"href":"https:\/\/www.lab.eus\/es\/wp-json\/wp\/v2\/posts"}],"about":[{"href":"https:\/\/www.lab.eus\/es\/wp-json\/wp\/v2\/types\/post"}],"author":[{"embeddable":true,"href":"https:\/\/www.lab.eus\/es\/wp-json\/wp\/v2\/users\/1191"}],"replies":[{"embeddable":true,"href":"https:\/\/www.lab.eus\/es\/wp-json\/wp\/v2\/comments?post=66366"}],"version-history":[{"count":0,"href":"https:\/\/www.lab.eus\/es\/wp-json\/wp\/v2\/posts\/66366\/revisions"}],"wp:featuredmedia":[{"embeddable":true,"href":"https:\/\/www.lab.eus\/es\/wp-json\/wp\/v2\/media\/66369"}],"wp:attachment":[{"href":"https:\/\/www.lab.eus\/es\/wp-json\/wp\/v2\/media?parent=66366"}],"wp:term":[{"taxonomy":"category","embeddable":true,"href":"https:\/\/www.lab.eus\/es\/wp-json\/wp\/v2\/categories?post=66366"},{"taxonomy":"post_tag","embeddable":true,"href":"https:\/\/www.lab.eus\/es\/wp-json\/wp\/v2\/tags?post=66366"}],"curies":[{"name":"wp","href":"https:\/\/api.w.org\/{rel}","templated":true}]}}