{"id":66277,"date":"2023-12-21T13:31:29","date_gmt":"2023-12-21T13:31:29","guid":{"rendered":"https:\/\/www.lab.eus\/?p=66277"},"modified":"2023-12-21T13:33:42","modified_gmt":"2023-12-21T13:33:42","slug":"la-mayoria-de-sindicatos-de-la-ensenanza-publica-plantea-la-necesidad-de-abrir-cauces-de-negociacion-con-el-departamento-de-educacion-de-nafarroa-para-abordar-los-temas-que-preocupan-al-profesorado-y","status":"publish","type":"post","link":"https:\/\/www.lab.eus\/es\/la-mayoria-de-sindicatos-de-la-ensenanza-publica-plantea-la-necesidad-de-abrir-cauces-de-negociacion-con-el-departamento-de-educacion-de-nafarroa-para-abordar-los-temas-que-preocupan-al-profesorado-y\/","title":{"rendered":"La mayor\u00eda de sindicatos de la ense\u00f1anza p\u00fablica planteamos la necesidad de abrir cauces de negociaci\u00f3n con el Departamento de Educaci\u00f3n de Nafarroa para abordar los temas que preocupan al profesorado, y no descartamos la convocatoria de movilizaciones"},"content":{"rendered":"\n<p>El profesorado de la ense\u00f1anza p\u00fablica lleva muchos a\u00f1os acumulando una importante p\u00e9rdida del poder adquisitivo, que alcanza m\u00e1s del 20 %, en el mejor de los casos. Nos encontramos en un momento de gran complejidad y con muchos retos por afrontar en el \u00e1mbito educativo. Siguen sin negociarse mejoras necesarias para el incremento de la calidad en la atenci\u00f3n educativa para el alumnado que, adem\u00e1s, den respuesta a las necesidades profesionales que viene planteando el profesorado navarro. Hablamos de mejoras econ\u00f3micas, reducci\u00f3n de ratios, disminuci\u00f3n del horario lectivo, excesiva carga de trabajo, disminuci\u00f3n de burocracia, incremento de estabilidad en las plantillas, etc.<\/p>\n\n\n\n<p>Por ello, los sindicatos LAB, STEILAS, ANPE, AFAPNA, CCOO y UGT hemos realizado un llamamiento al Departamento de Educaci\u00f3n para que se produzca cuanto antes la apertura de un proceso negociador en el seno de la Mesa Sectorial para que, estableciendo un calendario razonable, podamos avanzar en estas cuestiones que preocupan al profesorado.<\/p>\n\n\n\n<p>Recordamos que a principios de este curso, en la primera Mesa Sectorial, el consejero Carlos Gimeno mostr\u00f3 a los sindicatos la predisposici\u00f3n a entablar un di\u00e1logo constante. La realidad es que en este momento, tras varias reuniones de la Mesa Sectorial, todav\u00eda estamos esperando.<\/p>\n\n\n\n<p>En la reuni\u00f3n del 20 de diciembre, los sindicatos del profesorado de la ense\u00f1anza p\u00fablica trasladamos al Departamento de Educaci\u00f3n la necesidad de emprender un nuevo camino negociador abordando los temas que preocupan al profesorado. Creemos que hay que hacerlo de inmediato y desde la parte sindical estamos dispuestos a ello. Por eso es necesario que se establezca la primera reuni\u00f3n la semana del 8 al 12 de enero. Tambi\u00e9n estamos preparados para adoptar cuantas medidas sean necesarias para alcanzar estos objetivos llegando, si es preciso, a plantear movilizaciones.<\/p>\n","protected":false},"excerpt":{"rendered":"<p>El profesorado de la ense\u00f1anza p\u00fablica lleva muchos a\u00f1os acumulando una importante p\u00e9rdida del poder adquisitivo, que alcanza m\u00e1s del 20 %, en el mejor de los casos. Nos encontramos en un momento de gran complejidad y con muchos retos por afrontar en el \u00e1mbito educativo. Siguen sin negociarse mejoras necesarias para el incremento de la calidad en la atenci\u00f3n educativa para el alumnado que, adem\u00e1s, den respuesta a las necesidades profesionales que viene planteando el profesorado navarro. Hablamos de mejoras econ\u00f3micas, reducci\u00f3n de ratios, disminuci\u00f3n del horario lectivo, excesiva carga de trabajo, disminuci\u00f3n de burocracia, incremento de estabilidad en las plantillas, etc.<\/p>\n","protected":false},"author":1191,"featured_media":57912,"comment_status":"closed","ping_status":"closed","sticky":false,"template":"","format":"standard","meta":{"_monsterinsights_skip_tracking":false,"_monsterinsights_sitenote_active":false,"_monsterinsights_sitenote_note":"","_monsterinsights_sitenote_category":0,"footnotes":"","_links_to":"","_links_to_target":""},"categories":[18,33,2867,6],"tags":[3033,3178,3194,3171],"class_list":{"0":"post-66277","1":"post","2":"type-post","3":"status-publish","4":"format-standard","5":"has-post-thumbnail","7":"category-es-accion-sindical","8":"category-es-ensenanza","9":"category-federaciones","10":"category-es-servicios-publicos","11":"tag-accion-sindical-es","12":"tag-destacado-1","13":"tag-ensenanza-es","14":"tag-servicios-publicos-es"},"_links":{"self":[{"href":"https:\/\/www.lab.eus\/es\/wp-json\/wp\/v2\/posts\/66277","targetHints":{"allow":["GET"]}}],"collection":[{"href":"https:\/\/www.lab.eus\/es\/wp-json\/wp\/v2\/posts"}],"about":[{"href":"https:\/\/www.lab.eus\/es\/wp-json\/wp\/v2\/types\/post"}],"author":[{"embeddable":true,"href":"https:\/\/www.lab.eus\/es\/wp-json\/wp\/v2\/users\/1191"}],"replies":[{"embeddable":true,"href":"https:\/\/www.lab.eus\/es\/wp-json\/wp\/v2\/comments?post=66277"}],"version-history":[{"count":0,"href":"https:\/\/www.lab.eus\/es\/wp-json\/wp\/v2\/posts\/66277\/revisions"}],"wp:featuredmedia":[{"embeddable":true,"href":"https:\/\/www.lab.eus\/es\/wp-json\/wp\/v2\/media\/57912"}],"wp:attachment":[{"href":"https:\/\/www.lab.eus\/es\/wp-json\/wp\/v2\/media?parent=66277"}],"wp:term":[{"taxonomy":"category","embeddable":true,"href":"https:\/\/www.lab.eus\/es\/wp-json\/wp\/v2\/categories?post=66277"},{"taxonomy":"post_tag","embeddable":true,"href":"https:\/\/www.lab.eus\/es\/wp-json\/wp\/v2\/tags?post=66277"}],"curies":[{"name":"wp","href":"https:\/\/api.w.org\/{rel}","templated":true}]}}