{"id":65925,"date":"2023-12-15T12:55:28","date_gmt":"2023-12-15T12:55:28","guid":{"rendered":"https:\/\/www.lab.eus\/?p=65925"},"modified":"2023-12-15T12:58:35","modified_gmt":"2023-12-15T12:58:35","slug":"el-domingo-dia-17-iniciaremos-las-cinco-jornadas-de-huelga-ya-que-amazon-no-escucha-nuestras-reivindicaciones","status":"publish","type":"post","link":"https:\/\/www.lab.eus\/es\/el-domingo-dia-17-iniciaremos-las-cinco-jornadas-de-huelga-ya-que-amazon-no-escucha-nuestras-reivindicaciones\/","title":{"rendered":"El domingo, d\u00eda 17, iniciaremos las cinco jornadas de huelga, ya que Amazon no escucha nuestras reivindicaciones"},"content":{"rendered":"\n<p>Hoy, 15 de diciembre, se ha reunido el Comit\u00e9 de Huelga con la direcci\u00f3n de empresa y no hemos conseguido solucionar el conflicto, ya que ni siquiera han entrado a debatir ninguna de las propuestas presentadas por la parte social.<\/p>\n\n\n\n<p>A modo de resumen, estas son las peticiones que se han trasladado a la direcci\u00f3n de la empresa para intentar llegar a un acuerdo antes del inicio de <a href=\"https:\/\/www.lab.eus\/es\/ante-el-inmovilismo-de-amazon-convocamos-5-dias-de-huelga-en-navidades-en-el-centro-de-trabajo-de-trapagaran\/\">las 5 jornadas de huelga<\/a>.<\/p>\n\n\n\n<p><strong>Salarios<\/strong><\/p>\n\n\n\n<p>Subidas salarias que garanticen el mantenimiento del poder adquisitivo para los pr\u00f3ximos a\u00f1os, vinculado a subidas del IPC.<\/p>\n\n\n\n<p><strong>S\u00e1bados y domingos:<\/strong><\/p>\n\n\n\n<p>La prestaci\u00f3n del servicio realizado en festivo, s\u00e1bado o domingo sera compensando mediante el abono de un incremento del 75% sobre el salario real.<\/p>\n\n\n\n<p><strong>Jornada laboral<\/strong><\/p>\n\n\n\n<p>El descanso ser\u00e1 considerado como tiempo efectivo de trabajo.<\/p>\n\n\n\n<p>Contratos parciales. Las contrataciones a tiempo parcial tendr\u00e1n una jornada ordinaria no inferior a 24 horas de jornada semanal o 96 de jornada mensual.<\/p>\n\n\n\n<p>El salario que perciban las personas con contrato a tiempo parcial ser\u00e1 el resultado de aplicar un incremento del 10% a aquel salario que le corresponda en funci\u00f3n de su categor\u00eda y jornada.<\/p>\n\n\n\n<p>Solicitamos que la empresa deje de usar la contrataci\u00f3n de fijos discontinuos, y que los actualmente contratados con esta modalidad en menos de 6 meses pasen a ser indefinidos.<\/p>\n\n\n\n<p><strong>Vacaciones<\/strong><\/p>\n\n\n\n<p>Un per\u00edodo de vacaciones de al menos 22 d\u00edas laborables al a\u00f1o.<\/p>\n\n\n\n<p><strong>Antig\u00fcedad<\/strong><\/p>\n\n\n\n<p>Una cuant\u00eda por trienio del 3% del salario base de tablas en cada categor\u00eda profesional vigente en cada uno de los a\u00f1os del convenio de empresa.<\/p>\n\n\n\n<p><strong>Gastos de transporte<\/strong><\/p>\n\n\n\n<p>La empresa correr\u00e1 con el gasto de transporte del personal.<\/p>\n\n\n\n<p><strong>Subrogaci\u00f3n para las empresas subcontratadas<\/strong><\/p>\n\n\n\n<p>La riqueza la generan todos los y las trabajadoras. Sin el trabajo realizado por los y las trabajadoras de las empresas de reparto no ser\u00eda posible llevar a cabo nuestra actividad.<\/p>\n\n\n\n<p>Estamos hablando de mas de 300 personas que reparten cada d\u00eda los productos que salen desde el almac\u00e9n. Es por ello, que es esencial exigir la subrogaci\u00f3n en las empresas subcontratadas por Amazon.<\/p>\n\n\n\n<p>Sin este blindaje, los y las trabajadoras est\u00e1n totalmente expuestas, ya que al m\u00ednimo intento de movilizaci\u00f3n sindical, Amazon tiene la opci\u00f3n de no renovar el contrato con la empresa subcontratada, para que las trabajadoras que se han movilizado no sigan trabajando para Amazon.<\/p>\n\n\n\n<p>Garantizando la subrogaci\u00f3n de los puestos de trabajo, garantizamos la opci\u00f3n de la lucha sindical en las empresas de reparto, ya que si cambia la empresa que realiza el servicio deber\u00e1 asumir los y las trabajadoras de la empresa anterior.<\/p>\n\n\n\n<p>Las propuestas presentadas por la parte social a la Direcci\u00f3n de Amazon, podr\u00edamos decir que las han dejado dentro del caj\u00f3n, siguen solicitando la paz social a cambio de nada.<\/p>\n\n\n\n<p>La actitud de Amazon nos parece muy grave, han sido y son unos irresponsables no queriendo llegara a intentar dar una soluci\u00f3n al conflicto.<\/p>\n\n\n\n<p>Los pr\u00f3ximos 17 y 18 de diciembre as\u00ed como los pr\u00f3ximos 3, 4 y 5 de enero la plantilla de Amazon volver\u00e1n a ir a la huelga para decirle a la empresa que tienen que sentarse a negociar para mejorar las condiciones laborales de su plantilla.<\/p>\n\n\n\n<figure class=\"wp-block-image size-large\"><img loading=\"lazy\" decoding=\"async\" width=\"723\" height=\"1024\" src=\"https:\/\/www.lab.eus\/wp-content\/uploads\/2023\/12\/AmazonGrebaGabonetan-723x1024.jpg\" alt=\"\" class=\"wp-image-65701\" srcset=\"https:\/\/www.lab.eus\/wp-content\/uploads\/2023\/12\/AmazonGrebaGabonetan-723x1024.jpg 723w, https:\/\/www.lab.eus\/wp-content\/uploads\/2023\/12\/AmazonGrebaGabonetan-212x300.jpg 212w, https:\/\/www.lab.eus\/wp-content\/uploads\/2023\/12\/AmazonGrebaGabonetan-768x1087.jpg 768w, https:\/\/www.lab.eus\/wp-content\/uploads\/2023\/12\/AmazonGrebaGabonetan-1085x1536.jpg 1085w, https:\/\/www.lab.eus\/wp-content\/uploads\/2023\/12\/AmazonGrebaGabonetan-150x212.jpg 150w, https:\/\/www.lab.eus\/wp-content\/uploads\/2023\/12\/AmazonGrebaGabonetan-300x425.jpg 300w, https:\/\/www.lab.eus\/wp-content\/uploads\/2023\/12\/AmazonGrebaGabonetan-696x985.jpg 696w, https:\/\/www.lab.eus\/wp-content\/uploads\/2023\/12\/AmazonGrebaGabonetan-1068x1512.jpg 1068w, https:\/\/www.lab.eus\/wp-content\/uploads\/2023\/12\/AmazonGrebaGabonetan.jpg 1130w\" sizes=\"auto, (max-width: 723px) 100vw, 723px\" \/><\/figure>\n","protected":false},"excerpt":{"rendered":"<p>Hoy, 15 de diciembre, se ha reunido el Comit\u00e9 de Huelga con la direcci\u00f3n de empresa y no hemos conseguido solucionar el conflicto, ya que ni siquiera han entrado a debatir ninguna de las propuestas presentadas por la parte social.<\/p>\n","protected":false},"author":1191,"featured_media":53471,"comment_status":"closed","ping_status":"closed","sticky":false,"template":"","format":"standard","meta":{"_monsterinsights_skip_tracking":false,"_monsterinsights_sitenote_active":false,"_monsterinsights_sitenote_note":"","_monsterinsights_sitenote_category":0,"footnotes":"","_links_to":"","_links_to_target":""},"categories":[18,2867,8],"tags":[3033,3178,3172],"class_list":{"0":"post-65925","1":"post","2":"type-post","3":"status-publish","4":"format-standard","5":"has-post-thumbnail","7":"category-es-accion-sindical","8":"category-federaciones","9":"category-es-servicios-privados","10":"tag-accion-sindical-es","11":"tag-destacado-1","12":"tag-servicios-privados-es"},"_links":{"self":[{"href":"https:\/\/www.lab.eus\/es\/wp-json\/wp\/v2\/posts\/65925","targetHints":{"allow":["GET"]}}],"collection":[{"href":"https:\/\/www.lab.eus\/es\/wp-json\/wp\/v2\/posts"}],"about":[{"href":"https:\/\/www.lab.eus\/es\/wp-json\/wp\/v2\/types\/post"}],"author":[{"embeddable":true,"href":"https:\/\/www.lab.eus\/es\/wp-json\/wp\/v2\/users\/1191"}],"replies":[{"embeddable":true,"href":"https:\/\/www.lab.eus\/es\/wp-json\/wp\/v2\/comments?post=65925"}],"version-history":[{"count":0,"href":"https:\/\/www.lab.eus\/es\/wp-json\/wp\/v2\/posts\/65925\/revisions"}],"wp:featuredmedia":[{"embeddable":true,"href":"https:\/\/www.lab.eus\/es\/wp-json\/wp\/v2\/media\/53471"}],"wp:attachment":[{"href":"https:\/\/www.lab.eus\/es\/wp-json\/wp\/v2\/media?parent=65925"}],"wp:term":[{"taxonomy":"category","embeddable":true,"href":"https:\/\/www.lab.eus\/es\/wp-json\/wp\/v2\/categories?post=65925"},{"taxonomy":"post_tag","embeddable":true,"href":"https:\/\/www.lab.eus\/es\/wp-json\/wp\/v2\/tags?post=65925"}],"curies":[{"name":"wp","href":"https:\/\/api.w.org\/{rel}","templated":true}]}}