{"id":65918,"date":"2023-12-15T12:21:57","date_gmt":"2023-12-15T12:21:57","guid":{"rendered":"https:\/\/www.lab.eus\/?p=65918"},"modified":"2023-12-15T12:35:44","modified_gmt":"2023-12-15T12:35:44","slug":"menos-hipocresia-y-mas-compromisos-reales","status":"publish","type":"post","link":"https:\/\/www.lab.eus\/es\/menos-hipocresia-y-mas-compromisos-reales\/","title":{"rendered":"Menos hipocres\u00eda y m\u00e1s compromisos reales"},"content":{"rendered":"\n<p>El 18 de diciembre se celebra el D\u00eda Internacional de las personas Migrantes, desde el a\u00f1o 2000 la ONU design\u00f3 este d\u00eda haciendo un llamado a que los estados contribuyan a que la migraci\u00f3n sea un proceso seguro, regular y digno. La <strong>Convenci\u00f3n Internacional sobre la protecci\u00f3n de los derechos de <\/strong><strong>las personas <\/strong><strong>trabajador<\/strong><strong>a<\/strong><strong>s migr<\/strong><strong>antes <\/strong><strong>(<\/strong>1990) ha sido uno de sus antecedentes. Han pasado d\u00e9cadas de estas declaraciones y ni la ONU, ni la OIT, ni la UE han cumplido sus promesas. Al contrario, reafirman una Europa Fortaleza que lleva en su ADN racismo y odio; cuyo brazo ejecutor es el conjunto de pol\u00edticas de extranjer\u00eda, asilo y control fronterizo de los estados comunitarios.<\/p>\n\n\n\n<p>En Hego EH viven m\u00e1s de 324.000 personas migrantes; cerca de un 10-11% del total de la poblaci\u00f3n. Son personas trabajadoras empleadas en diferentes nichos laborales; como el agropecuario, pesca, industria alimentaria y conservas, hosteler\u00eda, cuidados, tala de monte,&#8230; Explotaci\u00f3n, discriminaci\u00f3n, desigualdad, abusos, chantajes, esclavismo, enga\u00f1os, desinformaci\u00f3n, deshumanizaci\u00f3n, injusticia, falta de respeto, rechazo desde el 1er d\u00eda, maltrato psicol\u00f3gico, humillaci\u00f3n, incumplimiento de los descansos, jornadas abusivas, contratos falsos. Negaci\u00f3n de los EPIes, del derecho a la salud laboral. Represalias, miedo, presi\u00f3n, impotencia, rabia, incertidumbre. Esto no nos lo hemos inventado, son vivencias explicitadas en torno al racismo laboral que han compartido personas trabajadoras migradas participantes de las formaciones en derechos laborales realizadas por LAB en octubre de 2023.<\/p>\n\n\n\n<p>Somos personas trabajadoras que no v\u00edctimas ni sujetas pasivas, cada vez m\u00e1s parte activa del sindicato: aportando nuevas formas e instrumentos de organizaci\u00f3n. Ahora mismo, est\u00e1n encendidas luchas en los que nuestra presencia esta siendo crucial, como la del sector agropecuario en la rivera navarra; la huelga de los trabajadores de reparto de Amazon, de los almacenes de Eroski en Bizkaia y la de las trabajadoras de hogar y cuidados que ha logrado un lugar central en la Huelga Feminista General del 30N en EH.<\/p>\n\n\n\n<p>El racismo laboral es una expresi\u00f3n del odio y la desigualdad sist\u00e9mica, que permite en el mundo del empleo extraer el m\u00e1ximo beneficio posible de aquellos cuerpos y fuerza de trabajo que menos se pueden defender. En lo que nos toca, como herramienta sindical, si queremos combatir el racismo en EH en LAB tenemos que nombrar y abordar estas situaciones de abuso laboral por discriminaci\u00f3n racial. Conmemorar a las personas migrantes va m\u00e1s all\u00e1 de un d\u00eda concreto. Exigimos voluntad pol\u00edtica, compromisos realizables, medidas concretas, presupuesto y seguimiento de las condiciones efectivas de vida y de empleo en que se encuentran (y que se les ofrece) a las personas migrantes cuando llegan a Euskal Herria porque deciden asentarse aqu\u00ed o porque se encuentran en tr\u00e1nsito hacia otros territorios.<\/p>\n\n\n\n<p>Para finalizar, desde LAB nos sumamos a los llamamientos convocados por los diversos colectivos sociales de Euskal Herria exigiendo derechos este pr\u00f3ximo 18 de diciembre.<\/p>\n","protected":false},"excerpt":{"rendered":"<p>El 18 de diciembre se celebra el D\u00eda Internacional de las personas Migrantes, desde el a\u00f1o 2000 la ONU design\u00f3 este d\u00eda haciendo un llamado a que los estados contribuyan a que la migraci\u00f3n sea un proceso seguro, regular y digno. La Convenci\u00f3n Internacional sobre la protecci\u00f3n de los derechos de las personas trabajadoras migrantes (1990) ha sido uno de sus antecedentes. Han pasado d\u00e9cadas de estas declaraciones y ni la ONU, ni la OIT, ni la UE han cumplido sus promesas. Al contrario, reafirman una Europa Fortaleza que lleva en su ADN racismo y odio; cuyo brazo ejecutor es el conjunto de pol\u00edticas de extranjer\u00eda, asilo y control fronterizo de los estados comunitarios.<\/p>\n","protected":false},"author":1191,"featured_media":65916,"comment_status":"closed","ping_status":"closed","sticky":false,"template":"","format":"standard","meta":{"_monsterinsights_skip_tracking":false,"_monsterinsights_sitenote_active":false,"_monsterinsights_sitenote_note":"","_monsterinsights_sitenote_category":0,"footnotes":"","_links_to":"","_links_to_target":""},"categories":[18,2994,2973],"tags":[3033,3182,3178,4445,4119],"class_list":{"0":"post-65918","1":"post","2":"type-post","3":"status-publish","4":"format-standard","5":"has-post-thumbnail","7":"category-es-accion-sindical","8":"category-accion-social","9":"category-secretarias","10":"tag-accion-sindical-es","11":"tag-accion-social-es","12":"tag-destacado-1","13":"tag-dia-internacional-de-las-personas-migrantes","14":"tag-secretaria-antirracista-es"},"_links":{"self":[{"href":"https:\/\/www.lab.eus\/es\/wp-json\/wp\/v2\/posts\/65918","targetHints":{"allow":["GET"]}}],"collection":[{"href":"https:\/\/www.lab.eus\/es\/wp-json\/wp\/v2\/posts"}],"about":[{"href":"https:\/\/www.lab.eus\/es\/wp-json\/wp\/v2\/types\/post"}],"author":[{"embeddable":true,"href":"https:\/\/www.lab.eus\/es\/wp-json\/wp\/v2\/users\/1191"}],"replies":[{"embeddable":true,"href":"https:\/\/www.lab.eus\/es\/wp-json\/wp\/v2\/comments?post=65918"}],"version-history":[{"count":0,"href":"https:\/\/www.lab.eus\/es\/wp-json\/wp\/v2\/posts\/65918\/revisions"}],"wp:featuredmedia":[{"embeddable":true,"href":"https:\/\/www.lab.eus\/es\/wp-json\/wp\/v2\/media\/65916"}],"wp:attachment":[{"href":"https:\/\/www.lab.eus\/es\/wp-json\/wp\/v2\/media?parent=65918"}],"wp:term":[{"taxonomy":"category","embeddable":true,"href":"https:\/\/www.lab.eus\/es\/wp-json\/wp\/v2\/categories?post=65918"},{"taxonomy":"post_tag","embeddable":true,"href":"https:\/\/www.lab.eus\/es\/wp-json\/wp\/v2\/tags?post=65918"}],"curies":[{"name":"wp","href":"https:\/\/api.w.org\/{rel}","templated":true}]}}