{"id":65878,"date":"2023-12-15T09:35:02","date_gmt":"2023-12-15T09:35:02","guid":{"rendered":"https:\/\/www.lab.eus\/?p=65878"},"modified":"2023-12-15T09:41:58","modified_gmt":"2023-12-15T09:41:58","slug":"convocamos-paros-en-alconza-irizar-en-apoyo-de-la-lucha-sindical","status":"publish","type":"post","link":"https:\/\/www.lab.eus\/es\/convocamos-paros-en-alconza-irizar-en-apoyo-de-la-lucha-sindical\/","title":{"rendered":"Paros en Alconza-Irizar en apoyo de la lucha sindical y para reclamar a la empresa y al Gobierno de la CAV que cesen todos los procesos judiciales abiertos"},"content":{"rendered":"\n<p>El pr\u00f3ximo 18 de diciembre han llamado a declarar en los juzgados de Getxo a un huelguista de Alconza y a un miembro de LAB por la lucha llevada a cabo en defensa del futuro de la f\u00e1brica y en contra de los despidos realizados por Irizar Alconza. Las acusaciones van desde da\u00f1os hasta atentando contra la autoridad. Ante este hecho, LAB exige a Alconza Irizar y al Gobierno de la CAV que cese la criminalizaci\u00f3n contra la lucha de las y los trabajadores de Alconza, as\u00ed como todos los procesos judiciales abiertos.<\/p>\n\n\n\n<p>El sindicato denuncia que todas estas acusaciones est\u00e1n basadas en montajes realizados por la Ertzaintza, que durante el conflicto de Alconza se dedic\u00f3 a amenazar y apalear a personas trabajadoras y a representantes sindicales, por lo que muchos de ellos han tenido que pasar por el hospital debido a la brutalidad policial empleada para reprimir el derecho de huelga.<\/p>\n\n\n\n<p>El objetivo de esta din\u00e1mica represiva no es otro que criminalizar cualquier lucha de la clase trabajadora en defensa de unas condiciones de trabajo dignas y en defensa del empleo, como sucedi\u00f3 en el 2019 y en otros conflictos.<\/p>\n\n\n\n<p>Como consecuencia de la lucha llevada a cabo en Alconza, en enero est\u00e1n llamados a declarar otras dos personas.<\/p>\n\n\n\n<p>Durante la huelga la represi\u00f3n no se detuvo, se recibieron multas econ\u00f3micas en aplicaci\u00f3n de la Ley Mordaza y varios trabajadores y trabajadoras fueron golpeadas y heridas por la Ertzaintza.<\/p>\n\n\n\n<p>LAB denuncia la persecuci\u00f3n hacia los y las participantes en las movilizaciones en defensa de los puestos de trabajo llevadas a cabo por la plantilla y exige tanto a Irizar como a la Ertzaintza y al Gobierno de la CAV que retire todas las denuncias realizadas y todas las sanciones.<\/p>\n\n\n\n<p>Por todo ello, el sindicato LAB ha convocado paros en la empresa (11:45-13:45) y ha organizado una concentraci\u00f3n a las 12:00 a las puertas del juzgado de Getxo para apoyar a los compa\u00f1eros que han sido citados, exigir el cese de todos los procesos judiciales y reivindicar que la lucha sindical no es delito.<\/p>\n","protected":false},"excerpt":{"rendered":"<p>El pr\u00f3ximo 18 de diciembre han llamado a declarar en los juzgados de Getxo a un huelguista de Alconza y a un miembro de LAB por la lucha llevada a cabo en defensa del futuro de la f\u00e1brica y en contra de los despidos realizados por Irizar Alconza. Las acusaciones van desde da\u00f1os hasta atentando contra la autoridad. Ante este hecho, LAB exige a Alconza Irizar y al Gobierno de la CAV que cese la criminalizaci\u00f3n contra la lucha de las y los trabajadores de Alconza, as\u00ed como todos los procesos judiciales abiertos.<\/p>\n","protected":false},"author":1191,"featured_media":50136,"comment_status":"closed","ping_status":"closed","sticky":false,"template":"","format":"standard","meta":{"_monsterinsights_skip_tracking":false,"_monsterinsights_sitenote_active":false,"_monsterinsights_sitenote_note":"","_monsterinsights_sitenote_category":0,"footnotes":"","_links_to":"","_links_to_target":""},"categories":[18,2867,2868],"tags":[3033,2748,3178,3066,2996,3064],"class_list":{"0":"post-65878","1":"post","2":"type-post","3":"status-publish","4":"format-standard","5":"has-post-thumbnail","7":"category-es-accion-sindical","8":"category-federaciones","9":"category-industria-es","10":"tag-accion-sindical-es","11":"tag-alconza","12":"tag-destacado-1","13":"tag-federaciones-es","14":"tag-industria-es","15":"tag-metal-es"},"_links":{"self":[{"href":"https:\/\/www.lab.eus\/es\/wp-json\/wp\/v2\/posts\/65878","targetHints":{"allow":["GET"]}}],"collection":[{"href":"https:\/\/www.lab.eus\/es\/wp-json\/wp\/v2\/posts"}],"about":[{"href":"https:\/\/www.lab.eus\/es\/wp-json\/wp\/v2\/types\/post"}],"author":[{"embeddable":true,"href":"https:\/\/www.lab.eus\/es\/wp-json\/wp\/v2\/users\/1191"}],"replies":[{"embeddable":true,"href":"https:\/\/www.lab.eus\/es\/wp-json\/wp\/v2\/comments?post=65878"}],"version-history":[{"count":0,"href":"https:\/\/www.lab.eus\/es\/wp-json\/wp\/v2\/posts\/65878\/revisions"}],"wp:featuredmedia":[{"embeddable":true,"href":"https:\/\/www.lab.eus\/es\/wp-json\/wp\/v2\/media\/50136"}],"wp:attachment":[{"href":"https:\/\/www.lab.eus\/es\/wp-json\/wp\/v2\/media?parent=65878"}],"wp:term":[{"taxonomy":"category","embeddable":true,"href":"https:\/\/www.lab.eus\/es\/wp-json\/wp\/v2\/categories?post=65878"},{"taxonomy":"post_tag","embeddable":true,"href":"https:\/\/www.lab.eus\/es\/wp-json\/wp\/v2\/tags?post=65878"}],"curies":[{"name":"wp","href":"https:\/\/api.w.org\/{rel}","templated":true}]}}