{"id":65858,"date":"2023-12-14T14:35:12","date_gmt":"2023-12-14T14:35:12","guid":{"rendered":"https:\/\/www.lab.eus\/?p=65858"},"modified":"2023-12-14T14:35:14","modified_gmt":"2023-12-14T14:35:14","slug":"cebek-bloquea-la-mesa-de-negociacion-del-convenio-de-artes-graficas-de-bizkaia","status":"publish","type":"post","link":"https:\/\/www.lab.eus\/es\/cebek-bloquea-la-mesa-de-negociacion-del-convenio-de-artes-graficas-de-bizkaia\/","title":{"rendered":"CEBEK bloquea la mesa de negociaci\u00f3n del convenio de artes gr\u00e1ficas de Bizkaia"},"content":{"rendered":"\n<p>Hoy se ha celebrado una nueva reuni\u00f3n, la s\u00e9ptima, de negociaci\u00f3n del convenio colectivo de artes gr\u00e1ficas de Bizkaia.<\/p>\n\n\n\n<p>De nuevo hemos vuelto a asistir a una reuni\u00f3n en la que la patronal no ha dejado que la negociaci\u00f3n avance, exigiendo a los sindicatos que llevemos una propuesta con flexibilidad obligatoria. Desde LAB hemos dejado claro que nuestra propuesta de flexibilidad ser\u00e1 con acuerdo de los comit\u00e9s de empresa y personas trabajadoras.<\/p>\n\n\n\n<p>De la misma manera, hemos querido dejar muy claro que nuestra negociaci\u00f3n esta dirigida a conseguir un acuerdo que mejore las condiciones laborales y de vida de las personas que trabajan en este sector.<\/p>\n\n\n\n<p>CEBEK, por su parte, sigue insistiendo en que no va a realizar una actualizaci\u00f3n de las tablas salariales ligada al IPC, en un sector donde ha habido una p\u00e9rdida de poder adquisitivo de m\u00e1s de un 20%. A parte de esta cuesti\u00f3n, sigue planteando elementos muy regresivos como son la limitaci\u00f3n de la antig\u00fcedad o empeoramientos en las bajas por enfermedad com\u00fan.<\/p>\n\n\n\n<p>Ante este bloqueo, LAB ha propuesto al resto de sindicatos con representaci\u00f3n en el sector realizar una reuni\u00f3n intersindical para analizar la situaci\u00f3n e intentar desbloquear la mesa de negociaci\u00f3n.<\/p>\n\n\n\n<p>Creemos que este proceso tiene que entrar en una segunda fase donde las alianzas, la uni\u00f3n y la activaci\u00f3n del sector son imprescindibles.<\/p>\n","protected":false},"excerpt":{"rendered":"<p>Hoy se ha celebrado una nueva reuni\u00f3n, la s\u00e9ptima, de negociaci\u00f3n del convenio colectivo de artes gr\u00e1ficas de Bizkaia.<\/p>\n","protected":false},"author":1191,"featured_media":60122,"comment_status":"closed","ping_status":"closed","sticky":false,"template":"","format":"standard","meta":{"_monsterinsights_skip_tracking":false,"_monsterinsights_sitenote_active":false,"_monsterinsights_sitenote_note":"","_monsterinsights_sitenote_category":0,"footnotes":"","_links_to":"","_links_to_target":""},"categories":[18,100,2867,2868],"tags":[3033,4046,4155,3178,3066,2996],"class_list":{"0":"post-65858","1":"post","2":"type-post","3":"status-publish","4":"format-standard","5":"has-post-thumbnail","7":"category-es-accion-sindical","8":"category-es-artes-graficas","9":"category-federaciones","10":"category-industria-es","11":"tag-accion-sindical-es","12":"tag-artes-graficas-2","13":"tag-artes-graficas-de-bizkaia","14":"tag-destacado-1","15":"tag-federaciones-es","16":"tag-industria-es"},"_links":{"self":[{"href":"https:\/\/www.lab.eus\/es\/wp-json\/wp\/v2\/posts\/65858","targetHints":{"allow":["GET"]}}],"collection":[{"href":"https:\/\/www.lab.eus\/es\/wp-json\/wp\/v2\/posts"}],"about":[{"href":"https:\/\/www.lab.eus\/es\/wp-json\/wp\/v2\/types\/post"}],"author":[{"embeddable":true,"href":"https:\/\/www.lab.eus\/es\/wp-json\/wp\/v2\/users\/1191"}],"replies":[{"embeddable":true,"href":"https:\/\/www.lab.eus\/es\/wp-json\/wp\/v2\/comments?post=65858"}],"version-history":[{"count":0,"href":"https:\/\/www.lab.eus\/es\/wp-json\/wp\/v2\/posts\/65858\/revisions"}],"wp:featuredmedia":[{"embeddable":true,"href":"https:\/\/www.lab.eus\/es\/wp-json\/wp\/v2\/media\/60122"}],"wp:attachment":[{"href":"https:\/\/www.lab.eus\/es\/wp-json\/wp\/v2\/media?parent=65858"}],"wp:term":[{"taxonomy":"category","embeddable":true,"href":"https:\/\/www.lab.eus\/es\/wp-json\/wp\/v2\/categories?post=65858"},{"taxonomy":"post_tag","embeddable":true,"href":"https:\/\/www.lab.eus\/es\/wp-json\/wp\/v2\/tags?post=65858"}],"curies":[{"name":"wp","href":"https:\/\/api.w.org\/{rel}","templated":true}]}}